{"id":35792,"date":"2019-05-21T15:19:31","date_gmt":"2019-05-21T19:19:31","guid":{"rendered":"https:\/\/linitiative.ca\/International\/presidentielle-du-4-juillet-76-lettres-dintention-deposees\/"},"modified":"2019-05-21T15:19:31","modified_gmt":"2019-05-21T19:19:31","slug":"presidentielle-du-4-juillet-76-lettres-dintention-deposees","status":"publish","type":"post","link":"https:\/\/linitiative.ca\/International\/presidentielle-du-4-juillet-76-lettres-dintention-deposees\/","title":{"rendered":"Pr\u00e9sidentielle du 4 juillet :  76 lettres d\u2019intention d\u00e9pos\u00e9es"},"content":{"rendered":"<p>Le bilan provisoire de remise des formulaires de souscription de signatures individuelles pour les postulants \u00e0 la candidature \u00e0 la pr\u00e9sidentielle, pr\u00e9vue le 4 juillet prochain, s&rsquo;\u00e9l\u00e8ve \u00e0 76 lettres d&rsquo;intention d\u00e9pos\u00e9es, a indiqu\u00e9 le minist\u00e8re de l&rsquo;Int\u00e9rieur, des Collectivit\u00e9s locales et de l&rsquo;Am\u00e9nagement du territoire, hier, dans un communiqu\u00e9.\u00a0<\/p>\n<p>\u00abLe bilan provisoire de la remise des formulaires de souscription de signatures individuelles pour les postulants \u00e0 la candidature \u00e0 la pr\u00e9sidence de la R\u00e9publique, arr\u00eat\u00e9 lundi, compte 76 lettres d&rsquo;intention d\u00e9pos\u00e9es\u00bb, a pr\u00e9cis\u00e9 la m\u00eame source.\u00a0<\/p>\n<p>Ce bilan est arr\u00eat\u00e9 \u00e0 la veille du d\u00e9lai de retrait des formulaires de souscription de signatures individuelles, arr\u00eat\u00e9 dans les 45 jours qui suivent la publication du d\u00e9cret pr\u00e9sidentiel portant convocation du corps \u00e9lectoral, en date du 9 avril pass\u00e9.\u00a0<\/p>\n<p>\u00abLes concern\u00e9s ont pu b\u00e9n\u00e9ficier des quotas de formulaires de souscription, en application des dispositions l\u00e9gales en vigueur\u00bb, ajoute le communiqu\u00e9, relevant que l&rsquo;op\u00e9ration se d\u00e9roule dans de \u00abbonnes conditions\u00bb.\u00a0<\/p>\n<p>Pour rappel, parmi les lettres d&rsquo;intention d\u00e9pos\u00e9es, figurent 3 lettres de partis politiques, \u00e0 savoir l&rsquo;Alliance nationale r\u00e9publicaine (ANR), le Front El-Moustakbel (FM) et le Front alg\u00e9rien pour le d\u00e9veloppement, la libert\u00e9 et l&rsquo;\u00e9quit\u00e9 (FADLE).\u00a0<\/p>\n<p>Auteur: elmoudjahid<br \/>\n<a href=\"http:\/\/www.elmoudjahid.com\/fr\/actualites\/137164\">Cliquez ici pour lire l&rsquo;article depuis sa source.<\/a><\/p>\n","protected":false},"excerpt":{"rendered":"<p>Le bilan provisoire de remise des formulaires de souscription de signatures individuelles pour les postulants \u00e0 la candidature \u00e0 la pr\u00e9sidentielle, pr\u00e9vue le 4 juillet prochain, s&rsquo;\u00e9l\u00e8ve \u00e0 76 lettres d&rsquo;intention d\u00e9pos\u00e9es, a indiqu\u00e9 le minist\u00e8re de l&rsquo;Int\u00e9rieur, des Collectivit\u00e9s locales et de l&rsquo;Am\u00e9nagement du territoire, hier, dans un communiqu\u00e9.\u00a0 \u00abLe bilan provisoire de la [&hellip;]<\/p>\n","protected":false},"author":1744,"featured_media":0,"comment_status":"closed","ping_status":"closed","sticky":false,"template":"","format":"standard","meta":{"fifu_image_url":"","fifu_image_alt":"","footnotes":""},"categories":[73,53],"tags":[],"class_list":["post-35792","post","type-post","status-publish","format-standard","hentry","category-actualite","category-algerie"],"_links":{"self":[{"href":"https:\/\/linitiative.ca\/International\/wp-json\/wp\/v2\/posts\/35792","targetHints":{"allow":["GET"]}}],"collection":[{"href":"https:\/\/linitiative.ca\/International\/wp-json\/wp\/v2\/posts"}],"about":[{"href":"https:\/\/linitiative.ca\/International\/wp-json\/wp\/v2\/types\/post"}],"author":[{"embeddable":true,"href":"https:\/\/linitiative.ca\/International\/wp-json\/wp\/v2\/users\/1744"}],"replies":[{"embeddable":true,"href":"https:\/\/linitiative.ca\/International\/wp-json\/wp\/v2\/comments?post=35792"}],"version-history":[{"count":0,"href":"https:\/\/linitiative.ca\/International\/wp-json\/wp\/v2\/posts\/35792\/revisions"}],"wp:attachment":[{"href":"https:\/\/linitiative.ca\/International\/wp-json\/wp\/v2\/media?parent=35792"}],"wp:term":[{"taxonomy":"category","embeddable":true,"href":"https:\/\/linitiative.ca\/International\/wp-json\/wp\/v2\/categories?post=35792"},{"taxonomy":"post_tag","embeddable":true,"href":"https:\/\/linitiative.ca\/International\/wp-json\/wp\/v2\/tags?post=35792"}],"curies":[{"name":"wp","href":"https:\/\/api.w.org\/{rel}","templated":true}]}}