{"id":35793,"date":"2019-05-21T15:19:35","date_gmt":"2019-05-21T19:19:35","guid":{"rendered":"https:\/\/linitiative.ca\/International\/redouane-bouhidel-politologue-la-lettre-de-taleb-ibrahimi-est-un-non-evenement\/"},"modified":"2019-05-21T15:19:35","modified_gmt":"2019-05-21T19:19:35","slug":"redouane-bouhidel-politologue-la-lettre-de-taleb-ibrahimi-est-un-non-evenement","status":"publish","type":"post","link":"https:\/\/linitiative.ca\/International\/redouane-bouhidel-politologue-la-lettre-de-taleb-ibrahimi-est-un-non-evenement\/","title":{"rendered":"Redouane Bouhidel, politologue :  \u00ab La lettre de Taleb Ibrahimi est un non-\u00e9v\u00e9nement \u00bb"},"content":{"rendered":"<p>Invit\u00e9 \u00e0 s\u2019exprimer sur plusieurs aspects de l\u2019actualit\u00e9 politique, le professeur des sciences politiques \u00e0 l\u2019universit\u00e9 d\u2019Alger, Redouane Bouhidel, a estim\u00e9 que la persistance \u00e0 garder le gouvernement Bedoui, dont l\u2019av\u00e8nement est intervenu en des circonstances particuli\u00e8res, est \u00abvaine\u00bb, m\u00eame si le texte fondamental ne pr\u00e9voit pas d\u2019autres cas de figure, si celui-ci venait \u00e0 partir.<\/p>\n<p>Au cours de son passage \u00e0 la cha\u00eene I, de la radio nationale, le politologue s\u2019est montr\u00e9 \u00e9galement sceptique sur la suite qui pourrait d\u00e9couler de ce d\u00e9part, car, selon lui, \u00abil y a une diff\u00e9rence entre le vide constitutionnel et la p\u00e9riode de transition\u00bb, et \u00e9voqu\u00e9 \u00e0 cette occasion la dynamique des revendications populaires.\u00a0<\/p>\n<p>Il dira \u00e0 ce propos que celle-ci a \u00ab\u00e9norm\u00e9ment \u00e9volu\u00e9\u00bb au fil des semaines, allant du refus du cinqui\u00e8me mandat du pr\u00e9sident sortant, \u00e0 un rejet cat\u00e9gorique de l\u2019organisation de la pr\u00e9sidentielle, pr\u00e9vue pour le 4 juillet prochain.\u00a0<\/p>\n<p>Il a tenu \u00e0 affirmer que le report de la prochaine \u00e9lection \u00abn\u2019est pas contraire\u00bb \u00e0 la Constitution, et estime que c\u2019est m\u00eame une \u00abn\u00e9cessit\u00e9\u00bb, au regard du contexte environnant qui \u00abn\u2019est pas du tout favorable\u00bb \u00e0 l\u2019organisation d\u2019une consultation pr\u00e9sidentielle.\u00a0<\/p>\n<p>L\u2019enseignant expliquera que le sentiment d\u2019opposition et de refus \u00abne concerne pas directement la tenue ou pas des pr\u00e9sidentielles, mais le refus de ceux qui auront \u00e0 organiser, \u00e0 encadrer et \u00e0 g\u00e9rer tout le processus \u00e9lectoral\u00bb. Pour lui, \u00abm\u00eame si tout le monde est unanime que pour aller aux pr\u00e9sidentielles, il faut d\u2019abord assurer les conditions n\u00e9cessaires, afin de garantir la transparence, notamment le corps \u00e9lectoral\u00bb, le politologue estime que \u00able report des \u00e9lections peut \u00eatre envisag\u00e9 si toutes les parties se mettent d\u2019accord sur des m\u00e9canismes pour une sortie de crise\u00bb, et si dans ce cas, le Conseil constitutionnel pourrait proposer des solutions juridiques pour permettre de d\u00e9passer le blocage actuel.\u00a0<\/p>\n<p>Celui-ci a \u00e9voqu\u00e9 \u00e9galement l\u2019instauration d\u2019une instance de surveillance des \u00e9lections, et sugg\u00e8re que celle-ci \u00abdoit \u00eatre compl\u00e9t\u00e9e par d\u2019autres mesures comme la suspension de l\u2019application de la loi sur les \u00e9lections adopt\u00e9e en 2016\u00bb, et ce dans l\u2019objectif d\u2019\u00e9largir ses pr\u00e9rogatives pour lui permettent d\u2019exercer son r\u00f4le comme une institution ind\u00e9pendante.\u00a0<\/p>\n<p>Le politologue pense que l\u2019instauration de l\u2019instance de surveillance des \u00e9lections est ce qui pourrait \u00eatre consid\u00e9r\u00e9 comme \u00abla derni\u00e8re chance aux mains des dignitaires du pouvoir\u00bb, afin de r\u00e9ussir l\u2019organisation des pr\u00e9sidentielles \u00absans que les figures et r\u00e9sidus de l\u2019ancien syst\u00e8me y soient associ\u00e9es de pr\u00e8s ou de loin\u00bb.<\/p>\n<p>Selon l\u2019invit\u00e9 de la radio, les prochaines \u00e9lections ne peuvent constituer qu\u2019un \u00abpremier pas pour op\u00e9rer d\u2019autres changements dans la nomenclature des lois, et probablement l\u2019\u00e9mergence d\u2019une nouvelle Constitution\u00bb. Lesquels changements, ajoute M. Bouhidel, \u00abne peuvent se produire du jour au lendemain\u00bb, mais n\u00e9cessitent un temps d\u2019adaptation pour qu&rsquo;ils soient un peu plus m\u00fbrs.\u00a0<\/p>\n<p>L\u2019analyste a expliqu\u00e9 que \u00abl\u2019institution militaire tient \u00e0 respecter ses engagements et est fermement r\u00e9solue \u00e0 \u00e9puiser toutes les solutions constitutionnelles\u00bb, c\u2019est d\u2019ailleurs, ce qui confirme que l\u2019Arm\u00e9e pr\u00e9serve le pays contre toutes les ing\u00e9rences \u00e9trang\u00e8res.<\/p>\n<p>En commentant la lettre d\u2019Ahmed Taleb Ibrahimi, le politologue estime que celle-ci \u00ab n\u2019apporte rien de nouveau, car le report des \u00e9lections est une exigences de la population qui manifeste dans la rue\u00bb, et avance qu\u2019elle \u00abne peut \u00eatre consid\u00e9r\u00e9e comme une initiative politique, mais seulement un appel sign\u00e9 par des personnalit\u00e9s ayant une certaine pr\u00e9sence sur la sc\u00e8ne politique alg\u00e9rienne\u00bb.\u00a0<\/p>\n<p>Cela dit, a-t-il ajout\u00e9, \u00ables initiateurs de cet appel ne repr\u00e9sentent pas toute la diversit\u00e9 des opinions et positions politiques, en Alg\u00e9rie, c\u2019est pourquoi la r\u00e9ponse du chef de l\u2019Arm\u00e9e, dans son dernier discours, \u00e0 propos de la tenue des \u00e9lections, et dans lequel il a affirm\u00e9 que c\u2019est une d\u00e9marche d\u00e9cisive pour l\u2019avenir du pays, est venue couper l\u2019herbe sous les pieds\u00bb des ench\u00e9risseurs. Reste qu\u2019\u00e0 son avis, le politologue a indiqu\u00e9 qu\u2019au vu de la situation actuelle, o\u00f9 aucune condition pratique n\u2019est r\u00e9unie, les \u00e9lections du 4 juillet seront certainement report\u00e9es \u00e0 une date ult\u00e9rieure.<\/p>\n<p>Tahar Kaidi<\/p>\n<p>Auteur: elmoudjahid<br \/>\n<a href=\"http:\/\/www.elmoudjahid.com\/fr\/actualites\/137165\">Cliquez ici pour lire l&rsquo;article depuis sa source.<\/a><\/p>\n","protected":false},"excerpt":{"rendered":"<p>Invit\u00e9 \u00e0 s\u2019exprimer sur plusieurs aspects de l\u2019actualit\u00e9 politique, le professeur des sciences politiques \u00e0 l\u2019universit\u00e9 d\u2019Alger, Redouane Bouhidel, a estim\u00e9 que la persistance \u00e0 garder le gouvernement Bedoui, dont l\u2019av\u00e8nement est intervenu en des circonstances particuli\u00e8res, est \u00abvaine\u00bb, m\u00eame si le texte fondamental ne pr\u00e9voit pas d\u2019autres cas de figure, si celui-ci venait \u00e0 [&hellip;]<\/p>\n","protected":false},"author":1744,"featured_media":0,"comment_status":"closed","ping_status":"closed","sticky":false,"template":"","format":"standard","meta":{"fifu_image_url":"","fifu_image_alt":"","footnotes":""},"categories":[73,53],"tags":[],"class_list":["post-35793","post","type-post","status-publish","format-standard","hentry","category-actualite","category-algerie"],"_links":{"self":[{"href":"https:\/\/linitiative.ca\/International\/wp-json\/wp\/v2\/posts\/35793","targetHints":{"allow":["GET"]}}],"collection":[{"href":"https:\/\/linitiative.ca\/International\/wp-json\/wp\/v2\/posts"}],"about":[{"href":"https:\/\/linitiative.ca\/International\/wp-json\/wp\/v2\/types\/post"}],"author":[{"embeddable":true,"href":"https:\/\/linitiative.ca\/International\/wp-json\/wp\/v2\/users\/1744"}],"replies":[{"embeddable":true,"href":"https:\/\/linitiative.ca\/International\/wp-json\/wp\/v2\/comments?post=35793"}],"version-history":[{"count":0,"href":"https:\/\/linitiative.ca\/International\/wp-json\/wp\/v2\/posts\/35793\/revisions"}],"wp:attachment":[{"href":"https:\/\/linitiative.ca\/International\/wp-json\/wp\/v2\/media?parent=35793"}],"wp:term":[{"taxonomy":"category","embeddable":true,"href":"https:\/\/linitiative.ca\/International\/wp-json\/wp\/v2\/categories?post=35793"},{"taxonomy":"post_tag","embeddable":true,"href":"https:\/\/linitiative.ca\/International\/wp-json\/wp\/v2\/tags?post=35793"}],"curies":[{"name":"wp","href":"https:\/\/api.w.org\/{rel}","templated":true}]}}