{"id":35794,"date":"2019-05-21T15:19:40","date_gmt":"2019-05-21T19:19:40","guid":{"rendered":"https:\/\/linitiative.ca\/International\/le-chef-de-letat-recoit-le-premier-ministre-du-niger-faire-face-aux-defis-securitaires\/"},"modified":"2019-05-21T15:19:40","modified_gmt":"2019-05-21T19:19:40","slug":"le-chef-de-letat-recoit-le-premier-ministre-du-niger-faire-face-aux-defis-securitaires","status":"publish","type":"post","link":"https:\/\/linitiative.ca\/International\/le-chef-de-letat-recoit-le-premier-ministre-du-niger-faire-face-aux-defis-securitaires\/","title":{"rendered":"Le chef de l\u2019\u00e9tat re\u00e7oit le Premier ministre du Niger   : Faire face  aux d\u00e9fis s\u00e9curitaires"},"content":{"rendered":"<p>Le chef de l&rsquo;\u00c9tat, Abdelkader Bensalah, a re\u00e7u, hier \u00e0 Alger, le Premier ministre du Niger, Brigi Rafini, qui effectue une visite officielle en Alg\u00e9rie. L&rsquo;audience s&rsquo;est d\u00e9roul\u00e9e au si\u00e8ge de la pr\u00e9sidence de la R\u00e9publique, en pr\u00e9sence du Premier ministre, Noureddine Bedoui, et du ministre des Affaires \u00e9trang\u00e8res, Sabri Boukadoum.\u00a0<\/p>\n<div readability=\"94\">\n<p>M. Rafini avait entam\u00e9 lundi une visite officielle de deux jours, dans le cadre de la tradition de dialogue et de concertation existant entre les deux pays. Cette visite constitue une opportunit\u00e9 pour les deux parties afin d&rsquo;examiner l&rsquo;\u00e9tat de la coop\u00e9ration bilat\u00e9rale, ainsi que les perspectives de sa dynamisation et de son \u00e9largissement, et d&rsquo;aborder les questions r\u00e9gionales et internationales d&rsquo;int\u00e9r\u00eat commun. L&rsquo;Alg\u00e9rie et le Niger sont engag\u00e9s \u00absolidairement\u00bb \u00e0 faire face aux d\u00e9fis s\u00e9curitaires que conna\u00eet la r\u00e9gion du Sahel, notamment en Libye, a indiqu\u00e9 Brigi Rafini. \u00abNous avons \u00e9voqu\u00e9 les questions bilat\u00e9rales d\u2019int\u00e9r\u00eat commun et la n\u00e9cessit\u00e9 pour les deux pays de conjuguer leurs efforts pour faire face aux d\u00e9fis s\u00e9curitaires que conna\u00eet la r\u00e9gion du Sahel, notamment en Libye\u00bb, a d\u00e9clar\u00e9 M. Rafini, \u00e0 l&rsquo;issue de l\u2019audience que lui a accord\u00e9e le chef de l&rsquo;\u00c9tat. \u00abNos deux \u00c9tats sont engag\u00e9s solidairement pour faire face \u00e0 ces d\u00e9fis communs\u00bb, a-t-il ajout\u00e9. D&rsquo;autre part, M. Rafini a indiqu\u00e9 qu&rsquo;il \u00e9tait porteur d&rsquo;un message du pr\u00e9sident nig\u00e9rien, Mahamadou Issoufou, au chef de l&rsquo;\u00c9tat, Abdelkader Bensalah, dans lequel il lui a transmis \u00abses amiti\u00e9s et les salutations du peuple nig\u00e9rien au peuple alg\u00e9rien fr\u00e8re\u00bb. Il a exprim\u00e9 \u00e9galement l&rsquo;espoir de voir la paix continuer \u00e0 r\u00e9gner dans la r\u00e9gion du Sahel\u00a0<\/p>\n<p><strong>Rafini se f\u00e9licite de l\u2019\u00e9tat de la coop\u00e9ration exemplaire\u00a0<\/strong><\/p>\n<p>Le Premier ministre du Niger s\u2019est f\u00e9licit\u00e9 de l&rsquo;\u00e9tat de la coop\u00e9ration bilat\u00e9rale, qualifi\u00e9e d&rsquo;\u00abexemplaire entre les deux pays\u00bb. S&rsquo;exprimant, \u00e0 l&rsquo;issue de son entretien avec le Premier ministre Noureddine Bedoui, \u00e9largi aux d\u00e9l\u00e9gations des deux pays, M. Rafini a indiqu\u00e9 que les discussions ont port\u00e9 sur les \u00abpr\u00e9occupations de l&rsquo;heure\u00bb, notamment les questions s\u00e9curitaires dans l&rsquo;espace sah\u00e9lo-sah\u00e9lien. \u00abNous connaissons une situation particuli\u00e8re et pr\u00e9occupante qui am\u00e8ne les \u00c9tats \u00e0 la concertation et \u00e0 se mettre ensemble pour r\u00e9fl\u00e9chir et pour voir comment aborder ces questions d&rsquo;ordre s\u00e9curitaire. Nous en avons l&rsquo;habitude. L&rsquo;Alg\u00e9rie est un grand pays fr\u00e8re et ami avec lequel nous partageons tout\u00bb, a soulign\u00e9 le Premier ministre nig\u00e9rien. Qualifiant les \u00e9changes de fructueux, M. Rafini a ajout\u00e9 \u00e9galement que \u00ables deux parties ont identifi\u00e9, lors des entretiens, plusieurs questions dans ce domaine (s\u00e9curitaire) qui int\u00e9ressent beaucoup de pays de la sous-r\u00e9gion\u00bb. Abordant la coop\u00e9ration bilat\u00e9rale, il a estim\u00e9 que celle-ci est \u00abtout \u00e0 fait naturelle\u00bb, rappelant dans ce contexte que le Niger et l&rsquo;Alg\u00e9rie ont une \u00abvieille coop\u00e9ration qui remonte aux ann\u00e9es 1960\u00bb. \u00abNous sommes rest\u00e9s ensemble dans un cadre fraternel et serein. Nous avons b\u00e2ti une coop\u00e9ration exemplaire avec une constante stabilit\u00e9. Nous venons de constater que rien n&rsquo;a chang\u00e9 dans la vision des responsables des autorit\u00e9s alg\u00e9riennes et celles du Niger sont \u00e9galement dans cette m\u00eame position\u00bb, a-t-il estim\u00e9. \u00c9voquant la situation en Alg\u00e9rie, le Premier ministre nig\u00e9rien a affirm\u00e9 que \u00abnotre conviction, c&rsquo;est que le peuple alg\u00e9rien, comme par le pass\u00e9, va surmonter cette conjoncture. Le peuple alg\u00e9rien est capable de transcender toutes ces difficult\u00e9s et aller vers la stabilisation, la compr\u00e9hension et la grande fraternit\u00e9. C&rsquo;est notre grand souhait en tant que pays fr\u00e8re et pays voisin\u00bb.\u00a0<\/p>\n<p>M. Bedoui s&rsquo;est entretenu avec son homologue, en pr\u00e9sence du ministre des Affaires \u00e9trang\u00e8res, Sabri Boukadoum, et du ministre de l&rsquo;Int\u00e9rieur, des Collectivit\u00e9s locales et de l&rsquo;Am\u00e9nagement du territoire, Salah Eddine Dahmoune. Ont assist\u00e9 aux entretiens, du c\u00f4t\u00e9 nig\u00e9rien, le ministre d&rsquo;\u00c9tat, ministre de l&rsquo;Int\u00e9rieur et de la S\u00e9curit\u00e9 publique, Mohamed Bazoum, et la ministre d\u00e9l\u00e9gu\u00e9e aupr\u00e8s du minist\u00e8re des Affaires \u00e9trang\u00e8res, Lamidou Ousseini Salamatou Bala Goga.\u00a0<\/p>\n<p><strong>R\u00e9union du comit\u00e9 bilat\u00e9ral frontalier en 2019\u00a0<\/strong><\/p>\n<p>M. Dahmoune a affirm\u00e9 que le comit\u00e9 bilat\u00e9ral frontalier alg\u00e9ro-nig\u00e9rien se r\u00e9unira \u00abdurant le deuxi\u00e8me semestre de l&rsquo;ann\u00e9e 2019\u00bb, pour proc\u00e9der \u00e0 la mise en place d&rsquo;un m\u00e9canisme de suivi et d&rsquo;\u00e9valuation de toutes les recommandations issues de ce comit\u00e9. Lors de l&rsquo;audience qu&rsquo;il a accord\u00e9e au ministre nig\u00e9rien de l&rsquo;Int\u00e9rieur et de la S\u00e9curit\u00e9 publique, M. Dahmoune a annonc\u00e9 la tenue, durant le deuxi\u00e8me semestre de 2019, de la r\u00e9union du comit\u00e9 bilat\u00e9ral frontalier alg\u00e9ro-nig\u00e9rien\u00bb et la mise en place \u00abd&rsquo;un nouveau m\u00e9canisme de suivi et d&rsquo;\u00e9valuation de toutes les recommandations issues dudit comit\u00e9\u00bb. Outre la question de la migration clandestine, les deux parties sont convenues d&rsquo;une r\u00e9union qui regroupera \u00ables walis des wilayas frontali\u00e8res alg\u00e9riennes et leurs homologues du Niger durant la m\u00eame p\u00e9riode (2e semestre 2019)\u00bb, a fait savoir le ministre qui a estim\u00e9 que \u00abce m\u00e9canisme de proximit\u00e9 contribuera \u00e0 l&rsquo;\u00e9valuation des d\u00e9cisions de l&rsquo;action commune autour des questions d&rsquo;int\u00e9r\u00eat commun\u00bb.\u00a0 Pour sa part, Mohamed Bazoum s&rsquo;est f\u00e9licit\u00e9 de \u00abl&rsquo;intensit\u00e9 des relations bilat\u00e9rales\u00bb, notamment dans le secteur de l&rsquo;Int\u00e9rieur, mettant en exergue le soutien remarquable apport\u00e9 par l&rsquo;Alg\u00e9rie au Niger en mati\u00e8re de coop\u00e9ration polici\u00e8re et de protection civile. En sus du dossier du comit\u00e9 bilat\u00e9ral frontalier alg\u00e9ro-nig\u00e9rien, les deux parties ont \u00e9voqu\u00e9 la question de la migration clandestine, convenant de l&rsquo;imp\u00e9ratif de r\u00e9fl\u00e9chir \u00e0 \u00abapporter certaines modifications aux m\u00e9canismes mis en place par les deux pays pour traiter ce ph\u00e9nom\u00e8ne\u00bb.<\/p>\n<p>M. Boukadoum a re\u00e7u le ministre nig\u00e9rien de l&rsquo;Int\u00e9rieur et de la S\u00e9curit\u00e9 publique, Mohamed Bazoum, et la ministre nig\u00e9rienne d\u00e9l\u00e9gu\u00e9e aupr\u00e8s du minist\u00e8re des Affaires \u00e9trang\u00e8res.\u00a0<\/p>\n<p>M. Brigi Rafini a quitt\u00e9, hier Alger, au terme de sa visite. Il a \u00e9t\u00e9 salu\u00e9, \u00e0 l&rsquo;a\u00e9roport international Houari-Boumedi\u00e8ne, par M. Bedoui et des membres du gouvernement.\u00a0\u00a0<\/p>\n<\/div>\n<p>Auteur: elmoudjahid<br \/>\n<a href=\"http:\/\/www.elmoudjahid.com\/fr\/actualites\/137166\">Cliquez ici pour lire l&rsquo;article depuis sa source.<\/a><\/p>\n","protected":false},"excerpt":{"rendered":"<p>Le chef de l&rsquo;\u00c9tat, Abdelkader Bensalah, a re\u00e7u, hier \u00e0 Alger, le Premier ministre du Niger, Brigi Rafini, qui effectue une visite officielle en Alg\u00e9rie. L&rsquo;audience s&rsquo;est d\u00e9roul\u00e9e au si\u00e8ge de la pr\u00e9sidence de la R\u00e9publique, en pr\u00e9sence du Premier ministre, Noureddine Bedoui, et du ministre des Affaires \u00e9trang\u00e8res, Sabri Boukadoum.\u00a0 M. Rafini avait entam\u00e9 [&hellip;]<\/p>\n","protected":false},"author":1744,"featured_media":0,"comment_status":"closed","ping_status":"closed","sticky":false,"template":"","format":"standard","meta":{"fifu_image_url":"","fifu_image_alt":"","footnotes":""},"categories":[73,53],"tags":[],"class_list":["post-35794","post","type-post","status-publish","format-standard","hentry","category-actualite","category-algerie"],"_links":{"self":[{"href":"https:\/\/linitiative.ca\/International\/wp-json\/wp\/v2\/posts\/35794","targetHints":{"allow":["GET"]}}],"collection":[{"href":"https:\/\/linitiative.ca\/International\/wp-json\/wp\/v2\/posts"}],"about":[{"href":"https:\/\/linitiative.ca\/International\/wp-json\/wp\/v2\/types\/post"}],"author":[{"embeddable":true,"href":"https:\/\/linitiative.ca\/International\/wp-json\/wp\/v2\/users\/1744"}],"replies":[{"embeddable":true,"href":"https:\/\/linitiative.ca\/International\/wp-json\/wp\/v2\/comments?post=35794"}],"version-history":[{"count":0,"href":"https:\/\/linitiative.ca\/International\/wp-json\/wp\/v2\/posts\/35794\/revisions"}],"wp:attachment":[{"href":"https:\/\/linitiative.ca\/International\/wp-json\/wp\/v2\/media?parent=35794"}],"wp:term":[{"taxonomy":"category","embeddable":true,"href":"https:\/\/linitiative.ca\/International\/wp-json\/wp\/v2\/categories?post=35794"},{"taxonomy":"post_tag","embeddable":true,"href":"https:\/\/linitiative.ca\/International\/wp-json\/wp\/v2\/tags?post=35794"}],"curies":[{"name":"wp","href":"https:\/\/api.w.org\/{rel}","templated":true}]}}