{"id":35795,"date":"2019-05-21T15:19:45","date_gmt":"2019-05-21T19:19:45","guid":{"rendered":"https:\/\/linitiative.ca\/International\/zakat-el-fitr-fixee-a-120-da\/"},"modified":"2019-05-21T15:19:45","modified_gmt":"2019-05-21T19:19:45","slug":"zakat-el-fitr-fixee-a-120-da","status":"publish","type":"post","link":"https:\/\/linitiative.ca\/International\/zakat-el-fitr-fixee-a-120-da\/","title":{"rendered":"Zakat El-Fitr fix\u00e9e \u00e0 120 DA"},"content":{"rendered":"<p>Le minist\u00e8re des Affaires religieuses et des Wakfs a annonc\u00e9 que le montant de la Zakat El-Fitr a \u00e9t\u00e9 fix\u00e9, cette ann\u00e9e, \u00e0 120 DA, soit un \u00abSa\u2019a\u00bb (une mesure) de nourriture des Alg\u00e9riens \u00e9quivalant \u00e0 2 kg. Dans une publication parue mardi sur son site officiel, le minist\u00e8re a pr\u00e9cis\u00e9 avoir charg\u00e9 \u00ables imams des mosqu\u00e9es de proc\u00e9der, en collaboration avec les comit\u00e9s religieux des mosqu\u00e9es, \u00e0 travers l\u2019ensemble du territoire national, \u00e0 la collecte de la Zakat El-Fitr, \u00e0 compter du 15e jour du mois de Ramadhan, en vue de sa distribution aux n\u00e9cessiteux, un ou deux jours avant l&rsquo;A\u00efd El-Fitr\u00bb.\u00a0<\/p>\n<p>La Zakat El-Fitr est obligatoire pour \u00abtout musulman, aussi bien nanti que pauvre, disposant d\u2019un surplus de subsistance journali\u00e8re et qui doit faire don de la Zakat pour lui m\u00eame et pour les personnes \u00e0 sa charge\u00bb, a rappel\u00e9 le minist\u00e8re.\u00a0<\/p>\n<p>Auteur: elmoudjahid<br \/>\n<a href=\"http:\/\/www.elmoudjahid.com\/fr\/actualites\/137167\">Cliquez ici pour lire l&rsquo;article depuis sa source.<\/a><\/p>\n","protected":false},"excerpt":{"rendered":"<p>Le minist\u00e8re des Affaires religieuses et des Wakfs a annonc\u00e9 que le montant de la Zakat El-Fitr a \u00e9t\u00e9 fix\u00e9, cette ann\u00e9e, \u00e0 120 DA, soit un \u00abSa\u2019a\u00bb (une mesure) de nourriture des Alg\u00e9riens \u00e9quivalant \u00e0 2 kg. Dans une publication parue mardi sur son site officiel, le minist\u00e8re a pr\u00e9cis\u00e9 avoir charg\u00e9 \u00ables imams [&hellip;]<\/p>\n","protected":false},"author":1744,"featured_media":0,"comment_status":"closed","ping_status":"closed","sticky":false,"template":"","format":"standard","meta":{"fifu_image_url":"","fifu_image_alt":"","footnotes":""},"categories":[73,53],"tags":[],"class_list":["post-35795","post","type-post","status-publish","format-standard","hentry","category-actualite","category-algerie"],"_links":{"self":[{"href":"https:\/\/linitiative.ca\/International\/wp-json\/wp\/v2\/posts\/35795","targetHints":{"allow":["GET"]}}],"collection":[{"href":"https:\/\/linitiative.ca\/International\/wp-json\/wp\/v2\/posts"}],"about":[{"href":"https:\/\/linitiative.ca\/International\/wp-json\/wp\/v2\/types\/post"}],"author":[{"embeddable":true,"href":"https:\/\/linitiative.ca\/International\/wp-json\/wp\/v2\/users\/1744"}],"replies":[{"embeddable":true,"href":"https:\/\/linitiative.ca\/International\/wp-json\/wp\/v2\/comments?post=35795"}],"version-history":[{"count":0,"href":"https:\/\/linitiative.ca\/International\/wp-json\/wp\/v2\/posts\/35795\/revisions"}],"wp:attachment":[{"href":"https:\/\/linitiative.ca\/International\/wp-json\/wp\/v2\/media?parent=35795"}],"wp:term":[{"taxonomy":"category","embeddable":true,"href":"https:\/\/linitiative.ca\/International\/wp-json\/wp\/v2\/categories?post=35795"},{"taxonomy":"post_tag","embeddable":true,"href":"https:\/\/linitiative.ca\/International\/wp-json\/wp\/v2\/tags?post=35795"}],"curies":[{"name":"wp","href":"https:\/\/api.w.org\/{rel}","templated":true}]}}