{"id":35796,"date":"2019-05-21T15:19:50","date_gmt":"2019-05-21T19:19:50","guid":{"rendered":"https:\/\/linitiative.ca\/International\/saison-estivale-2019-des-reductions-dans-les-hotels-publics-allant-de-20-a-50\/"},"modified":"2019-05-21T15:19:50","modified_gmt":"2019-05-21T19:19:50","slug":"saison-estivale-2019-des-reductions-dans-les-hotels-publics-allant-de-20-a-50","status":"publish","type":"post","link":"https:\/\/linitiative.ca\/International\/saison-estivale-2019-des-reductions-dans-les-hotels-publics-allant-de-20-a-50\/","title":{"rendered":"Saison estivale 2019 :  Des r\u00e9ductions dans les h\u00f4tels publics allant de 20% \u00e0 50%"},"content":{"rendered":"<p>Le ministre du Tourisme et de l\u2019Artisanat a insist\u00e9, hier \u00e0 Alger, sur la n\u00e9cessit\u00e9 d\u2019encourager le tourisme interne dans les diff\u00e9rentes r\u00e9gions, pour permettre aux Alg\u00e9riens de passer leurs vacances dans leur pays.\u00a0<\/p>\n<p>S\u2019exprimant, lors de la troisi\u00e8me rencontre nationale d\u00e9di\u00e9e aux pr\u00e9paratifs de la saison estivale 2019, en pr\u00e9sence des directeurs du tourisme et de l&rsquo;artisanat des diff\u00e9rentes wilayas, Abdelkader Benmessaoud a soulign\u00e9 qu\u2019une convention sera sign\u00e9e prochainement avec les partenaires sociaux, pour permettre\u00a0 au Alg\u00e9riens de b\u00e9n\u00e9ficier des r\u00e9ductions dans les h\u00f4tels publics allant de 20% \u00e0 50%, et indiqu\u00e9 que l\u2019activit\u00e9 touristique \u00abne cesse\u00bb de conna\u00eetre, ces derni\u00e8res ann\u00e9es, une am\u00e9lioration \u00abconstante\u00bb, et cela, dit-il, gr\u00e2ce aux \u00abefforts d\u00e9ploy\u00e9s par l\u2019\u00c9tat\u00bb. \u00abLa promotion du tourisme est l&rsquo;affaire de tous. Les institutions et organismes qui sont en relation directe ou indirecte avec le tourisme doivent d\u00e9ployer plus d\u2019efforts pour la promotion de ce secteur porteur pour l\u2019\u00e9conomie\u00bb, a not\u00e9 le ministre.<\/p>\n<p>Mettant l\u2019accent sur la saison estivale, il a indiqu\u00e9 que pour r\u00e9ussir cet \u00e9v\u00e9nement, il est pr\u00e9vu la r\u00e9ception de 80 nouveaux h\u00f4tels \u00e0 travers le pays, ce qui permettra d&rsquo;assurer 12.000 nouveaux lits, en sus du lancement d\u2019une caravane d\u2019information qui sillonnera diff\u00e9rentes wilayas en vue de la promotion de la destination touristique Alg\u00e9rie et de d\u00e9couvrir\u00a0 les diff\u00e9rentes infrastructures r\u00e9alis\u00e9es.\u00a0<\/p>\n<p>Benmessaoud a insist\u00e9 par ailleurs sur l&rsquo;imp\u00e9ratif \u00abd&rsquo;am\u00e9liorer\u00bb les prestations au niveau des structures et \u00e9tablissements h\u00f4teliers, et \u00abd&rsquo;assurer\u00bb l&rsquo;activit\u00e9 culturelle et de loisirs, mettant \u00e9galement en exergue l\u2019importance d&rsquo;augmenter le nombre des plages autoris\u00e9es \u00e0 la baignade et de permettre aux h\u00f4tels de tourisme, dans le cadre du respect de la loi, d\u2019exploiter les plages situ\u00e9es dans leur entourage \u00ab imm\u00e9diat\u00bb.\u00a0<\/p>\n<p>De son c\u00f4t\u00e9, le directeur g\u00e9n\u00e9ral du tourisme, Zoubir Mohamed Sofiane, a fait une br\u00e8ve pr\u00e9sentation sur les d\u00e9cisions qui ont \u00e9t\u00e9 prises pour assurer un \u00abbon\u00bb d\u00e9roulement de la saison estivale, et citant, entre autres, la\u00a0 mise en place d\u2019un cadre de concertation entre les h\u00f4teliers et les agences de voyages, des offres attractives r\u00e9pondant aux besoins des familles alg\u00e9riennes, l\u2019\u00e9laboration d\u2019un plan promotionnel et de marketing pour chaque wilaya c\u00f4ti\u00e8re, dans le cadre des pr\u00e9paratifs de la saison estivale. Il est question \u00e9galement de garantir la s\u00e9curit\u00e9 au niveau de toutes les plages ouvertes aux estivants, et de l\u2019intensification des dispositions de contr\u00f4le des \u00e9tablissements h\u00f4teliers, lieux de restauration, ainsi que les divers commerces durant cette p\u00e9riode estivale. Mettant \u00e0 profit cette occasion, M. Zoubir a indiqu\u00e9 que des instructions ont \u00e9t\u00e9 adress\u00e9es aux cadres de l\u2019administration centrale, aux directeurs du tourisme et de l\u2019artisanat des wilayas, ainsi qu\u2019aux responsables des \u00e9tablissements sous tutelle, dans le but d\u2019un suivi \u00abrigoureux\u00bb de la mise en \u0153uvre des plans d\u2019actions et \u00abd\u2019intensifier\u00bb la mission d\u2019inspection et du contr\u00f4le, en vue \u00abd\u2019assurer\u00bb un service de \u00abqualit\u00e9\u00bb au profit des estivants.<\/p>\n<p>S\u2019agissant de\u00a0 l\u2019op\u00e9ration de r\u00e9habilitation\u00a0 des unit\u00e9s h\u00f4teli\u00e8res publiques du Groupe HTT, il a fait savoir\u00a0 qu\u2019il sera proc\u00e9d\u00e9 \u00e0 la r\u00e9ouverture du complexe touristique (CET) de Tipasa d\u2019une capacit\u00e9 de 1.900 lits, ainsi que l\u2019h\u00f4tel El-Marsa de Sidi Fredj (Alger), d\u2019une capacit\u00e9 de 300 lits, et le bloc \u00abH3\u00bb du complexe de Sidi Fredj, d\u2019une capacit\u00e9 de 130 lits.<\/p>\n<p>Makhlouf Ait Ziane\u00a0<\/p>\n<p>Auteur: elmoudjahid<br \/>\n<a href=\"http:\/\/www.elmoudjahid.com\/fr\/actualites\/137168\">Cliquez ici pour lire l&rsquo;article depuis sa source.<\/a><\/p>\n","protected":false},"excerpt":{"rendered":"<p>Le ministre du Tourisme et de l\u2019Artisanat a insist\u00e9, hier \u00e0 Alger, sur la n\u00e9cessit\u00e9 d\u2019encourager le tourisme interne dans les diff\u00e9rentes r\u00e9gions, pour permettre aux Alg\u00e9riens de passer leurs vacances dans leur pays.\u00a0 S\u2019exprimant, lors de la troisi\u00e8me rencontre nationale d\u00e9di\u00e9e aux pr\u00e9paratifs de la saison estivale 2019, en pr\u00e9sence des directeurs du tourisme [&hellip;]<\/p>\n","protected":false},"author":1744,"featured_media":0,"comment_status":"closed","ping_status":"closed","sticky":false,"template":"","format":"standard","meta":{"fifu_image_url":"","fifu_image_alt":"","footnotes":""},"categories":[73,53],"tags":[],"class_list":["post-35796","post","type-post","status-publish","format-standard","hentry","category-actualite","category-algerie"],"_links":{"self":[{"href":"https:\/\/linitiative.ca\/International\/wp-json\/wp\/v2\/posts\/35796","targetHints":{"allow":["GET"]}}],"collection":[{"href":"https:\/\/linitiative.ca\/International\/wp-json\/wp\/v2\/posts"}],"about":[{"href":"https:\/\/linitiative.ca\/International\/wp-json\/wp\/v2\/types\/post"}],"author":[{"embeddable":true,"href":"https:\/\/linitiative.ca\/International\/wp-json\/wp\/v2\/users\/1744"}],"replies":[{"embeddable":true,"href":"https:\/\/linitiative.ca\/International\/wp-json\/wp\/v2\/comments?post=35796"}],"version-history":[{"count":0,"href":"https:\/\/linitiative.ca\/International\/wp-json\/wp\/v2\/posts\/35796\/revisions"}],"wp:attachment":[{"href":"https:\/\/linitiative.ca\/International\/wp-json\/wp\/v2\/media?parent=35796"}],"wp:term":[{"taxonomy":"category","embeddable":true,"href":"https:\/\/linitiative.ca\/International\/wp-json\/wp\/v2\/categories?post=35796"},{"taxonomy":"post_tag","embeddable":true,"href":"https:\/\/linitiative.ca\/International\/wp-json\/wp\/v2\/tags?post=35796"}],"curies":[{"name":"wp","href":"https:\/\/api.w.org\/{rel}","templated":true}]}}