{"id":35800,"date":"2019-05-21T15:20:15","date_gmt":"2019-05-21T19:20:15","guid":{"rendered":"https:\/\/linitiative.ca\/International\/peinture-hachemi-ameur-exposera-a-madrid\/"},"modified":"2019-05-21T15:20:15","modified_gmt":"2019-05-21T19:20:15","slug":"peinture-hachemi-ameur-exposera-a-madrid","status":"publish","type":"post","link":"https:\/\/linitiative.ca\/International\/peinture-hachemi-ameur-exposera-a-madrid\/","title":{"rendered":"Peinture :   Hachemi Ameur exposera \u00e0 Madrid"},"content":{"rendered":"<p>Le peintre Hachemi Ameur exposera du 30 mai au 7 juin prochain \u00e0 Madrid (Espagne) ses r\u00e9centes \u0153uvres sur le th\u00e8me \u00ab\u00a0Les naufrag\u00e9s de la M\u00e9diterran\u00e9e\u00a0\u00bb, a appris l\u2019APS de cet artiste. La Maison arabe de Madrid abritera cette exposition qui englobe 40 tableaux peints en acrylique sur tissu, r\u00e9alis\u00e9s par l\u2019artiste durant quatre ann\u00e9es et inspir\u00e9s des sujets d\u2019actualit\u00e9. \u00ab\u00a0Les tableaux traitent de sujets inh\u00e9rents aux souffrances des peuples de tous les continents, notamment l\u2019exode, la migration clandestine vers les c\u00f4tes europ\u00e9ennes et les rives espagnoles en particulier\u00a0\u00bb, indique Hachemi Ameur.\u00a0\u00a0<\/p>\n<p>L\u2019exposition sera accompagn\u00e9e par un catalogue riche de textes en langues arabe, anglaise, espagnole et fran\u00e7aise et r\u00e9alis\u00e9 sous l\u2019\u00e9gide de l\u2019Office national des droits d\u2019auteur et droits voisins (ONDA). L\u2019exposition est parrain\u00e9e par la galerie d\u2019art \u00abYasmine\u00bb, l\u2019ambassade d\u2019Alg\u00e9rie en Espagne, l\u2019ONDA et une compagnie de transport maritime espagnole. Artiste-plasticien, enlumineur, \u00e9crivain et photographe, Hachemi Ameur, n\u00e9 le 20 novembre 1959 \u00e0 Hadjout, est professeur et directeur de l\u2019\u00e9cole r\u00e9gionale des Beaux-Arts de Mostaganem. Il est \u00e9galement pr\u00e9sident de l\u2019association des Beaux-Arts \u00abMohamed Khedda\u00bb et membre de l\u2019Union des arts et de la culture (UNAC). L&rsquo;artiste a d\u00e9j\u00e0 organis\u00e9 plusieurs expositions similaires depuis septembre 2018 \u00e0 travers diff\u00e9rentes villes espagnoles dont Alicante Ibiza, Palma de Majorque et le mus\u00e9e espagnol d\u2019Art contemporain.<\/p>\n<p>Auteur: elmoudjahid<br \/>\n<a href=\"http:\/\/www.elmoudjahid.com\/fr\/actualites\/137172\">Cliquez ici pour lire l&rsquo;article depuis sa source.<\/a><\/p>\n","protected":false},"excerpt":{"rendered":"<p>Le peintre Hachemi Ameur exposera du 30 mai au 7 juin prochain \u00e0 Madrid (Espagne) ses r\u00e9centes \u0153uvres sur le th\u00e8me \u00ab\u00a0Les naufrag\u00e9s de la M\u00e9diterran\u00e9e\u00a0\u00bb, a appris l\u2019APS de cet artiste. La Maison arabe de Madrid abritera cette exposition qui englobe 40 tableaux peints en acrylique sur tissu, r\u00e9alis\u00e9s par l\u2019artiste durant quatre ann\u00e9es [&hellip;]<\/p>\n","protected":false},"author":1744,"featured_media":0,"comment_status":"closed","ping_status":"closed","sticky":false,"template":"","format":"standard","meta":{"fifu_image_url":"","fifu_image_alt":"","footnotes":""},"categories":[73,53],"tags":[],"class_list":["post-35800","post","type-post","status-publish","format-standard","hentry","category-actualite","category-algerie"],"_links":{"self":[{"href":"https:\/\/linitiative.ca\/International\/wp-json\/wp\/v2\/posts\/35800","targetHints":{"allow":["GET"]}}],"collection":[{"href":"https:\/\/linitiative.ca\/International\/wp-json\/wp\/v2\/posts"}],"about":[{"href":"https:\/\/linitiative.ca\/International\/wp-json\/wp\/v2\/types\/post"}],"author":[{"embeddable":true,"href":"https:\/\/linitiative.ca\/International\/wp-json\/wp\/v2\/users\/1744"}],"replies":[{"embeddable":true,"href":"https:\/\/linitiative.ca\/International\/wp-json\/wp\/v2\/comments?post=35800"}],"version-history":[{"count":0,"href":"https:\/\/linitiative.ca\/International\/wp-json\/wp\/v2\/posts\/35800\/revisions"}],"wp:attachment":[{"href":"https:\/\/linitiative.ca\/International\/wp-json\/wp\/v2\/media?parent=35800"}],"wp:term":[{"taxonomy":"category","embeddable":true,"href":"https:\/\/linitiative.ca\/International\/wp-json\/wp\/v2\/categories?post=35800"},{"taxonomy":"post_tag","embeddable":true,"href":"https:\/\/linitiative.ca\/International\/wp-json\/wp\/v2\/tags?post=35800"}],"curies":[{"name":"wp","href":"https:\/\/api.w.org\/{rel}","templated":true}]}}