{"id":35801,"date":"2019-05-21T08:20:55","date_gmt":"2019-05-21T12:20:55","guid":{"rendered":"https:\/\/linitiative.ca\/International\/89701-ouargla-vers-la-creation-d-une-federation-regionale-des-sports-de-meharis\/"},"modified":"2019-05-21T08:20:55","modified_gmt":"2019-05-21T12:20:55","slug":"89701-ouargla-vers-la-creation-d-une-federation-regionale-des-sports-de-meharis","status":"publish","type":"post","link":"https:\/\/linitiative.ca\/International\/89701-ouargla-vers-la-creation-d-une-federation-regionale-des-sports-de-meharis\/","title":{"rendered":"Ouargla : vers la cr\u00e9ation d\u2019une F\u00e9d\u00e9ration r\u00e9gionale des sports de m\u00e9haris"},"content":{"rendered":"<div>\n<div class=\"K2FeedImage\"><img decoding=\"async\" src=\"http:\/\/www.aps.dz\/media\/k2\/items\/cache\/3425fdbec4f45a8159a6d865174117c6_S.jpg\" alt=\"Ouargla : vers la cr\u00e9ation d\u2019une F\u00e9d\u00e9ration r\u00e9gionale des sports de m\u00e9haris\"><\/div>\n<div class=\"K2FeedIntroText\">\n<p><strong>OUARGLA &#8211; Des efforts sont entrepris pour la cr\u00e9ation d\u2019une F\u00e9d\u00e9ration r\u00e9gionale de courses de m\u00e9haris, en vue de r\u00e9habiliter et de promouvoir ce sport traditionnel, un h\u00e9ritage fi\u00e8rement pr\u00e9serv\u00e9 par les nouvelles g\u00e9n\u00e9rations du Sud alg\u00e9rien.<\/strong><\/p>\n<\/div>\n<div class=\"K2FeedFullText\">\n<p>Retenues dans le cadre de la strat\u00e9gie de pr\u00e9servation et de promotion de ce sport traditionnel encore pratiqu\u00e9 par de nombreux clubs, les d\u00e9marches, dont le but primordial est la protection de cette richesse animale, tendent \u00e0 \u00e9largir ce sport populaire \u00e0 travers les wilayas du Sud, notamment en milieu juv\u00e9nile \u00e0 travers la cr\u00e9ation d\u2019un cadre structurel officiel, susceptible de permettre l\u2019encadrement des clubs et l\u2019organisation de championnats \u00e0 diff\u00e9rentes \u00e9chelles, a indiqu\u00e9 \u00e0 l\u2019APS le vice-pr\u00e9sident de la Ligue des cam\u00e9lid\u00e9s de la wilaya d\u2019Ouargla, Brahim Telli.<\/p>\n<p>Le d\u00e9veloppement et la g\u00e9n\u00e9ralisation de cette activit\u00e9 sportive requiert son int\u00e9gration dans la nomenclature des activit\u00e9s sportives agr\u00e9\u00e9es \u00e0 l&rsquo;\u00e9chelle nationale, sachant que plus de 250 m\u00e9haristes sont structur\u00e9s dans 22 \u00e9quipes sportives au niveau de la wilaya d\u2019Ouargla, a-t-il estim\u00e9.<\/p>\n<p>\u00a0<\/p>\n<p style=\"text-align: center;\"><span style=\"font-size: 14pt;\"><strong>Ouargla attend son cam\u00e9lodrome moderne<\/strong><\/span><\/p>\n<p>La cr\u00e9ation d\u2019un cam\u00e9lodrome moderne est vivement souhait\u00e9e par les clubs, en vue d\u2019encourager les \u00e9leveurs de dromadaires et de contribuer \u00e0 la pr\u00e9servation du patrimoine local et de cette race cameline saharienne.\u00a0\u00a0\u00a0\u00a0\u00a0\u00a0\u00a0\u00a0\u00a0<\/p>\n<p>Une surface de 10 hectares a \u00e9t\u00e9 d\u00e9limit\u00e9e dans la commune d\u2019A\u00efn El-Be\u00efda (10 km \u00e0 l&rsquo;Est d\u2019Ouargla) pour servir de piste de courses, o\u00f9 seront r\u00e9unies les conditions n\u00e9cessaires pour l\u2019organisation de diverses activit\u00e9s et manifestations sportives li\u00e9es au camelin, notamment les courses, en attendant la mobilisation d\u2019un budget pour entamer les travaux.<\/p>\n<p>Ces courses de m\u00e9haris se tiennent annuellement \u00e0 Ouargla entre les mois d\u2019octobre et de mai, avec la participation d\u2019autres wilayas \u00e0 l\u2019instar de Tamanrasset, Adrar, El-Bayadh, El-Oued, Gharda\u00efa et Illizi.<\/p>\n<p>La wilaya de Ouargla a opt\u00e9, en l\u2019absence de cam\u00e9lodromes appropri\u00e9s pour accueillir ce type de manifestations sportives, pour l\u2019am\u00e9nagement d\u2019espaces ouverts, \u00e0 l\u2019instar des pistes de K&rsquo;rima (commune de Rouissat) ou d\u2019El-Bekrat (commune d\u2019A\u00efn El-Be\u00efda), ou dans la wilaya d\u00e9l\u00e9gu\u00e9e de Touggourt (160 km d\u2019Ouargla).<\/p>\n<hr>\n<p><em><strong>Lire aussi:\u00a0<\/strong><\/em><a href=\"http:\/\/www.aps.dz\/sport\/89600-ouargla-les-tournois-de-foot-inter-quartiers-une-tradition-ramadhanesque\">Ouargla: les tournois de foot inter-quartiers, une tradition ramadhanesque<\/a><\/p>\n<hr>\n<p>De nombreux jeunes disent avoir une passion pour ce sport qui fait na\u00eetre une rude\u00a0 concurrence entre eux dans un total esprit fair-play, alors que pour d\u2019autres, cette activit\u00e9 est une source de revenus et une fiert\u00e9 de ce patrimoine ancestral.<\/p>\n<p>Mounir, un jeune d&rsquo;\u00e0 peine 17 ans et tout nouveau dans ces courses de m\u00e9haris, a indiqu\u00e9 que son int\u00e9r\u00eat pour ce sport remonte \u00e0 sa tendre enfance (5 ans) lors qu\u2019il accompagnait son grand-p\u00e8re aux cam\u00e9lodromes pour assister aux courses et exhibitions de m\u00e9haris \u00e0 Ouargla, Gharda\u00efa et El-Oued.<\/p>\n<p>\u00ab\u00a0Tr\u00e8s attach\u00e9 \u00e0 la monture de dromadaire et aux sports \u00e9questres, je n\u2019ai pas h\u00e9sit\u00e9 \u00e0 me rapprocher d\u2019un chamelier du quartier de Mekhadema le sollicitant pour m&rsquo;accorder la possibilit\u00e9 de monter l\u2019animal, chose qui fut faite\u00a0\u00bb et qui, dit-il, lui a ensuite \u00ab\u00a0permis de poursuivre des entra\u00eenements et l\u2019instruction sur les modes de dresser des dromadaires de course\u00a0\u00bb.<\/p>\n<p>\u00a0<\/p>\n<p style=\"text-align: center;\"><span style=\"font-size: 14pt;\"><strong>Les parents derri\u00e8re la passion des enfants<\/strong><\/span><\/p>\n<p>\u00ab\u00a0Ma premi\u00e8re participation \u00e0 une course de m\u00e9haris a \u00e9t\u00e9 \u00e0 l\u2019\u00e2ge de 14 ans \u00e0 Ouargla, dans le cadre de la c\u00e9l\u00e9bration de la double f\u00eate de la jeunesse et de l\u2019ind\u00e9pendance (5 juillet), o\u00f9 j\u2019ai obtenu un bon r\u00e9sultat\u00a0\u00bb, se souvient Mounir, ajoutant avec un brin de fiert\u00e9 que \u00ab\u00a0la porte m\u2019a \u00e9t\u00e9 ouverte pour prendre part \u00e0 d\u2019autres manifestations locales et r\u00e9gionales, et j\u2019esp\u00e8re pouvoir m\u2019imposer dans d\u2019autres internationales\u00a0\u00bb, a-t-il ajout\u00e9.<\/p>\n<p>Moussa, un jeune m\u00e9hariste de 19 ans originaire d\u2019A\u00efn El-Be\u00efda, a \u00e9t\u00e9 lui encourag\u00e9 d\u00e8s le jeune \u00e2ge par son p\u00e8re, un chamelier connu d&rsquo;Ouargla, \u00e0 pratiquer cette activit\u00e9 sportive pour pr\u00e9server ce patrimoine ancestral.<\/p>\n<p>\u00ab\u00a0A l\u2019\u00e2ge de sept ans, j\u2019ai pris part \u00e0 de nombreuses courses et obtenu des succ\u00e8s aux niveaux local et r\u00e9gional, en plus de mes participations \u00e0 des courses internationales en Tunisie et en Arabie saoudite\u00a0\u00bb, a confi\u00e9 le jeune Moussa.<\/p>\n<hr>\n<p><em><strong>Lire aussi:\u00a0<\/strong><\/em><a href=\"http:\/\/www.aps.dz\/sport\/89399-festival-national-de-sports-mecaniques-en-juin-a-mostaganem\">Festival national de sports m\u00e9caniques en juin \u00e0 Mostaganem<\/a><\/p>\n<hr>\n<p>S\u2019agissant des normes et conditions requises pour le m\u00e9hari de course, Brahim Telli a \u00e9voqu\u00e9 certains points n\u00e9cessaires pour engager l\u2019animal dans les comp\u00e9titions, dont notamment des pattes post\u00e9rieures longilignes par rapport aux ant\u00e9rieures, un poids l\u00e9ger et un cou long.<\/p>\n<p>Cette race de m\u00e9hari, connu localement sous l\u2019appellation de \u00ab\u00a0Hedjn\u00a0\u00bb, requiert un m\u00e9hariste de poids l\u00e9ger ne d\u00e9passant pas les 15 ans et repr\u00e9sentant son club d\u2019une tenue traditionnelle le caract\u00e9risant lors des manifestations.<\/p>\n<p>En plus de suivre un entra\u00eenement quotidien, le m\u00e9hari de courses est tr\u00e8s choy\u00e9 et re\u00e7oit un r\u00e9gime nutritionnel sp\u00e9cifique compos\u00e9 notamment de dattes, d\u2019orge, de ma\u00efs, de foin, de lait et de miel, a indiqu\u00e9 le m\u00eame responsable.<\/p>\n<\/div>\n<p><img loading=\"lazy\" decoding=\"async\" src=\"http:\/\/feeds.feedburner.com\/~r\/aps-sport\/~4\/20KymLXd85M\" height=\"1\" width=\"1\" alt=\"\"><\/div>\n<p>Auteur:<br \/>\n<a href=\"http:\/\/www.aps.dz\/sport\/89701-ouargla-vers-la-creation-d-une-federation-regionale-des-sports-de-meharis?utm_source=feedburner&#038;utm_medium=feed&#038;utm_campaign=Feed%3A+aps-sport+%28APS+-+SPORT%29\">Cliquez ici pour lire l&rsquo;article depuis sa source.<\/a><\/p>\n","protected":false},"excerpt":{"rendered":"<p>OUARGLA &#8211; Des efforts sont entrepris pour la cr\u00e9ation d\u2019une F\u00e9d\u00e9ration r\u00e9gionale de courses de m\u00e9haris, en vue de r\u00e9habiliter et de promouvoir ce sport traditionnel, un h\u00e9ritage fi\u00e8rement pr\u00e9serv\u00e9 par les nouvelles g\u00e9n\u00e9rations du Sud alg\u00e9rien. Retenues dans le cadre de la strat\u00e9gie de pr\u00e9servation et de promotion de ce sport traditionnel encore pratiqu\u00e9 [&hellip;]<\/p>\n","protected":false},"author":1790,"featured_media":35802,"comment_status":"closed","ping_status":"closed","sticky":false,"template":"","format":"standard","meta":{"fifu_image_url":"","fifu_image_alt":"","footnotes":""},"categories":[53,75],"tags":[],"class_list":["post-35801","post","type-post","status-publish","format-standard","has-post-thumbnail","hentry","category-algerie","category-sport"],"_links":{"self":[{"href":"https:\/\/linitiative.ca\/International\/wp-json\/wp\/v2\/posts\/35801","targetHints":{"allow":["GET"]}}],"collection":[{"href":"https:\/\/linitiative.ca\/International\/wp-json\/wp\/v2\/posts"}],"about":[{"href":"https:\/\/linitiative.ca\/International\/wp-json\/wp\/v2\/types\/post"}],"author":[{"embeddable":true,"href":"https:\/\/linitiative.ca\/International\/wp-json\/wp\/v2\/users\/1790"}],"replies":[{"embeddable":true,"href":"https:\/\/linitiative.ca\/International\/wp-json\/wp\/v2\/comments?post=35801"}],"version-history":[{"count":0,"href":"https:\/\/linitiative.ca\/International\/wp-json\/wp\/v2\/posts\/35801\/revisions"}],"wp:featuredmedia":[{"embeddable":true,"href":"https:\/\/linitiative.ca\/International\/wp-json\/"}],"wp:attachment":[{"href":"https:\/\/linitiative.ca\/International\/wp-json\/wp\/v2\/media?parent=35801"}],"wp:term":[{"taxonomy":"category","embeddable":true,"href":"https:\/\/linitiative.ca\/International\/wp-json\/wp\/v2\/categories?post=35801"},{"taxonomy":"post_tag","embeddable":true,"href":"https:\/\/linitiative.ca\/International\/wp-json\/wp\/v2\/tags?post=35801"}],"curies":[{"name":"wp","href":"https:\/\/api.w.org\/{rel}","templated":true}]}}