{"id":35806,"date":"2019-05-21T13:50:00","date_gmt":"2019-05-21T17:50:00","guid":{"rendered":"https:\/\/linitiative.ca\/International\/mostaganem-violences-quotidiennes-a-hai-el-wiam\/"},"modified":"2019-05-21T13:50:00","modified_gmt":"2019-05-21T17:50:00","slug":"mostaganem-violences-quotidiennes-a-hai-el-wiam","status":"publish","type":"post","link":"https:\/\/linitiative.ca\/International\/mostaganem-violences-quotidiennes-a-hai-el-wiam\/","title":{"rendered":"MOSTAGANEM : Violences quotidiennes  \u00e0 Hai El Wiam"},"content":{"rendered":"<p><br id=\"sep_para_1\" class=\"sep_para access\"\/><\/p>\n<div id=\"para_1\" class=\"para_31166062 resize\">\n<div class=\"photo shadow left\"><a href=\"javascript:void(0)\" rel=\"https:\/\/www.reflexiondz.net\/photo\/art\/grande\/33959269-31166062.jpg?v=1558464857&#038;ibox\" title=\"MOSTAGANEM : Violences quotidiennes \u00e0 Hai El Wiam \"><img decoding=\"async\" class=\"responsive c9\" src=\"https:\/\/www.reflexiondz.net\/photo\/art\/grande\/33959269-31166062.jpg?v=1558464857\" alt=\"MOSTAGANEM : Violences quotidiennes \u00e0 Hai El Wiam \" title=\"MOSTAGANEM : Violences quotidiennes \u00e0 Hai El Wiam \"\/><img decoding=\"async\" class=\"not-responsive\" src=\"https:\/\/www.reflexiondz.net\/photo\/art\/default\/33959269-31166062.jpg?v=1558464860\" alt=\"MOSTAGANEM : Violences quotidiennes \u00e0 Hai El Wiam \" title=\"MOSTAGANEM : Violences quotidiennes \u00e0 Hai El Wiam \"\/><\/a><\/div>\n<div class=\"texte access firstletter\">Plusieurs citoyens de la nouvelle cit\u00e9 de \u2018\u2019Hai El Wiam\u2019\u2019 (ex-Radar) \u00e0 Mostaganem ont manifest\u00e9 leur courroux et d\u00e9sarrois suite au manque flagrant de s\u00e9curit\u00e9 durant ce mois sacr\u00e9 de Ramadan o\u00f9, le ph\u00e9nom\u00e8ne de la violence a pris des proportions alarmantes et inqui\u00e8te davantage<br \/>les r\u00e9sidents soucieux de leur s\u00e9curit\u00e9 et de leur tranquillit\u00e9 , justifi\u00e9e par le nombre de personnes admises quotidiennement au service des urgences pour avoir \u00e9t\u00e9 agress\u00e9es ou impliqu\u00e9es dans des bagarres. En effet, apr\u00e8s la recrudescence du hooliganisme et l\u2019augmentation exponentielle des agressions multiples, l\u2019actualit\u00e9 enregistre, notamment au niveau de ce quartier, des affrontements quasi quotidiens de cette ampleur, trahissant un repli sur soi et le d\u00e9veloppement de l\u2019esprit de clan. A la faveur du Ramadhan, devenu h\u00e9las un pr\u00e9texte aux r\u00e9actions brutales et grossi\u00e8res, cette r\u00e9alit\u00e9 est amplifi\u00e9e \u00e0 qui mieux. Un groupe de d\u00e9linquants et de malfaiteurs s\u2019impose ces derniers jours\u00a0 \u00e0 semer la terreur au sein des habitants, notamment des femmes , vieux et enfants qui se trouvent quotidiennement somm\u00e9s \u00e0 des violences et des vols, car apr\u00e8s une accalmie qui a dur\u00e9 quelques jours \u00e0 la faveur des arrestations op\u00e9r\u00e9es par les services de s\u00e9curit\u00e9 dans ce dit quartier, voil\u00e0 que les batailles rang\u00e9es entre les gangs et les rixes reprennent de nouveau. Durant la plupart des jours de ce mois sacr\u00e9 du je\u00fbne, les habitants ont v\u00e9cu, le calvaire de l\u2019ins\u00e9curit\u00e9 dans cette cit\u00e9, l\u2019insulte, la provocation et la violence. De jeunes voyous se sont organis\u00e9s en bandes munies d\u2019armes blanches, de barres de fer et de gourdins en plus des chiens. L\u2019intervention des \u00absages\u00bb a ramen\u00e9, aussi, un tant soit peu le calme, mais la tension demeure tr\u00e8s vive dans cette cit\u00e9 o\u00f9 le trafic de cannabis fait des ravages et remet en cause l\u2019esprit de cohabitation qui animait, autrefois. Des rixes \u00e9clatent toutes les dix minutes entre des jeunes anim\u00e9s par une volont\u00e9 de provoquer et de nuire, avons-nous constat\u00e9. M\u00eame les femmes et les vieillards n\u2019\u00e9chappent pas \u00e0 cette violence qui a tendance \u00e0 se g\u00e9n\u00e9raliser durant le Ramadhan, mois symbole de pardon et de pi\u00e9t\u00e9. Selon des t\u00e9moignages recueillis, cette violence survient g\u00e9n\u00e9ralement au milieu des apr\u00e8s-midi ou apr\u00e8s la rupture du je\u00fbne. Plusieurs enfants de la cit\u00e9 ont \u00e9t\u00e9 victimes de violence et d\u2019agression par de jeunes malfaiteurs qui leur demandent de l\u2019argent ou une chose de valeur pour les laisser passer. Face \u00e0 cette situation, les citoyens de la nouvelle cit\u00e9 Hai Wiaam \u2018\u2019Radar interpellent les autorit\u00e9s concern\u00e9es pour intervenir imm\u00e9diatement et mettre fin aux agissements criminels de ces malfaiteurs, tout en demandant \u00e0 ce que le dispositif s\u00e9curitaire soit renforc\u00e9 afin d&rsquo;att\u00e9nuer un tant soit peu le nombre des d\u00e9linquants qui repr\u00e9sente un v\u00e9ritable danger pour eux et pour leurs enfants.\u00a0<\/div>\n<\/div>\n<p>Auteur: G.Yacine<br \/>\n<a href=\"https:\/\/www.reflexiondz.net\/MOSTAGANEM-Violences-quotidiennes-a-Hai-El-Wiam_a55946.html\">Cliquez ici pour lire l&rsquo;article depuis sa source.<\/a><\/p>\n","protected":false},"excerpt":{"rendered":"<p>Plusieurs citoyens de la nouvelle cit\u00e9 de \u2018\u2019Hai El Wiam\u2019\u2019 (ex-Radar) \u00e0 Mostaganem ont manifest\u00e9 leur courroux et d\u00e9sarrois suite au manque flagrant de s\u00e9curit\u00e9 durant ce mois sacr\u00e9 de Ramadan o\u00f9, le ph\u00e9nom\u00e8ne de la violence a pris des proportions alarmantes et inqui\u00e8te davantageles r\u00e9sidents soucieux de leur s\u00e9curit\u00e9 et de leur tranquillit\u00e9 , [&hellip;]<\/p>\n","protected":false},"author":1740,"featured_media":0,"comment_status":"closed","ping_status":"closed","sticky":false,"template":"","format":"standard","meta":{"fifu_image_url":"","fifu_image_alt":"","footnotes":""},"categories":[53,76],"tags":[],"class_list":["post-35806","post","type-post","status-publish","format-standard","hentry","category-algerie","category-regions"],"_links":{"self":[{"href":"https:\/\/linitiative.ca\/International\/wp-json\/wp\/v2\/posts\/35806","targetHints":{"allow":["GET"]}}],"collection":[{"href":"https:\/\/linitiative.ca\/International\/wp-json\/wp\/v2\/posts"}],"about":[{"href":"https:\/\/linitiative.ca\/International\/wp-json\/wp\/v2\/types\/post"}],"author":[{"embeddable":true,"href":"https:\/\/linitiative.ca\/International\/wp-json\/wp\/v2\/users\/1740"}],"replies":[{"embeddable":true,"href":"https:\/\/linitiative.ca\/International\/wp-json\/wp\/v2\/comments?post=35806"}],"version-history":[{"count":0,"href":"https:\/\/linitiative.ca\/International\/wp-json\/wp\/v2\/posts\/35806\/revisions"}],"wp:attachment":[{"href":"https:\/\/linitiative.ca\/International\/wp-json\/wp\/v2\/media?parent=35806"}],"wp:term":[{"taxonomy":"category","embeddable":true,"href":"https:\/\/linitiative.ca\/International\/wp-json\/wp\/v2\/categories?post=35806"},{"taxonomy":"post_tag","embeddable":true,"href":"https:\/\/linitiative.ca\/International\/wp-json\/wp\/v2\/tags?post=35806"}],"curies":[{"name":"wp","href":"https:\/\/api.w.org\/{rel}","templated":true}]}}