{"id":35807,"date":"2019-05-21T13:50:00","date_gmt":"2019-05-21T17:50:00","guid":{"rendered":"https:\/\/linitiative.ca\/International\/zakat-el-fitr-le-montant-fixe-cette-annee-a-120-da\/"},"modified":"2019-05-21T13:50:00","modified_gmt":"2019-05-21T17:50:00","slug":"zakat-el-fitr-le-montant-fixe-cette-annee-a-120-da","status":"publish","type":"post","link":"https:\/\/linitiative.ca\/International\/zakat-el-fitr-le-montant-fixe-cette-annee-a-120-da\/","title":{"rendered":"ZAKAT EL FITR  : Le montant fix\u00e9 cette ann\u00e9e \u00e0 120 DA"},"content":{"rendered":"<p><br id=\"sep_para_1\" class=\"sep_para access\"\/><\/p>\n<div id=\"para_1\" class=\"para_31166098 resize\">\n<div class=\"photo shadow left\"><a href=\"javascript:void(0)\" rel=\"https:\/\/www.reflexiondz.net\/photo\/art\/grande\/33959305-31166098.jpg?v=1558465027&#038;ibox\" title=\"ZAKAT EL FITR : Le montant fix\u00e9 cette ann\u00e9e \u00e0 120 DA\"><img decoding=\"async\" class=\"responsive c9\" src=\"https:\/\/www.reflexiondz.net\/photo\/art\/grande\/33959305-31166098.jpg?v=1558465027\" alt=\"ZAKAT EL FITR : Le montant fix\u00e9 cette ann\u00e9e \u00e0 120 DA\" title=\"ZAKAT EL FITR : Le montant fix\u00e9 cette ann\u00e9e \u00e0 120 DA\"\/><img decoding=\"async\" class=\"not-responsive\" src=\"https:\/\/www.reflexiondz.net\/photo\/art\/default\/33959305-31166098.jpg?v=1558465029\" alt=\"ZAKAT EL FITR : Le montant fix\u00e9 cette ann\u00e9e \u00e0 120 DA\" title=\"ZAKAT EL FITR : Le montant fix\u00e9 cette ann\u00e9e \u00e0 120 DA\"\/><\/a><\/div>\n<div class=\"texte access firstletter\">Le minist\u00e8re des Affaires religieuses et des Wakfs a annonc\u00e9 que le montant de la Zakat El-Fitr a \u00e9t\u00e9 fix\u00e9 cette ann\u00e9e \u00e0 120 DA, soit un \u00ab\u00a0Sa`a\u00a0\u00bb (une mesure) de nourriture des Alg\u00e9riens \u00e9quivalant \u00e0 2 kg.\u00a0 Dans une publication parue mardi sur son site officiel, le minist\u00e8re a pr\u00e9cis\u00e9 avoir charg\u00e9 \u00ab\u00a0les imams des mosqu\u00e9es de proc\u00e9der, en collaboration avec les comit\u00e9s religieux des mosqu\u00e9es, \u00e0 travers l`ensemble du territoire national, \u00e0 la collecte de la Zakat El-Fitr, \u00e0 compter du 15\u00e8me jour du mois de Ramadhan, en vue de sa distribution aux n\u00e9cessiteux, un ou deux jours avant l&rsquo;A\u00efd El-Fitr\u00a0\u00bb. La Zakat EL Fitr est obligatoire pour \u00ab\u00a0tout musulman, aussi bien nanti que pauvre, disposant d`un surplus de subsistance journali\u00e8re et qui doit faire don de la Zakat pour lui m\u00eame et pour les personnes \u00e0 sa charge\u00a0\u00bb, a rappel\u00e9 le minist\u00e8re.\u00a0\u00a0\u00a0\u00a0<\/div>\n<\/div>\n<p>Auteur: Ismain<br \/>\n<a href=\"https:\/\/www.reflexiondz.net\/ZAKAT-EL-FITR-Le-montant-fixe-cette-annee-a-120-DA_a55952.html\">Cliquez ici pour lire l&rsquo;article depuis sa source.<\/a><\/p>\n","protected":false},"excerpt":{"rendered":"<p>Le minist\u00e8re des Affaires religieuses et des Wakfs a annonc\u00e9 que le montant de la Zakat El-Fitr a \u00e9t\u00e9 fix\u00e9 cette ann\u00e9e \u00e0 120 DA, soit un \u00ab\u00a0Sa`a\u00a0\u00bb (une mesure) de nourriture des Alg\u00e9riens \u00e9quivalant \u00e0 2 kg.\u00a0 Dans une publication parue mardi sur son site officiel, le minist\u00e8re a pr\u00e9cis\u00e9 avoir charg\u00e9 \u00ab\u00a0les imams [&hellip;]<\/p>\n","protected":false},"author":1740,"featured_media":0,"comment_status":"closed","ping_status":"closed","sticky":false,"template":"","format":"standard","meta":{"fifu_image_url":"","fifu_image_alt":"","footnotes":""},"categories":[53,76],"tags":[],"class_list":["post-35807","post","type-post","status-publish","format-standard","hentry","category-algerie","category-regions"],"_links":{"self":[{"href":"https:\/\/linitiative.ca\/International\/wp-json\/wp\/v2\/posts\/35807","targetHints":{"allow":["GET"]}}],"collection":[{"href":"https:\/\/linitiative.ca\/International\/wp-json\/wp\/v2\/posts"}],"about":[{"href":"https:\/\/linitiative.ca\/International\/wp-json\/wp\/v2\/types\/post"}],"author":[{"embeddable":true,"href":"https:\/\/linitiative.ca\/International\/wp-json\/wp\/v2\/users\/1740"}],"replies":[{"embeddable":true,"href":"https:\/\/linitiative.ca\/International\/wp-json\/wp\/v2\/comments?post=35807"}],"version-history":[{"count":0,"href":"https:\/\/linitiative.ca\/International\/wp-json\/wp\/v2\/posts\/35807\/revisions"}],"wp:attachment":[{"href":"https:\/\/linitiative.ca\/International\/wp-json\/wp\/v2\/media?parent=35807"}],"wp:term":[{"taxonomy":"category","embeddable":true,"href":"https:\/\/linitiative.ca\/International\/wp-json\/wp\/v2\/categories?post=35807"},{"taxonomy":"post_tag","embeddable":true,"href":"https:\/\/linitiative.ca\/International\/wp-json\/wp\/v2\/tags?post=35807"}],"curies":[{"name":"wp","href":"https:\/\/api.w.org\/{rel}","templated":true}]}}