{"id":35809,"date":"2019-05-21T13:50:00","date_gmt":"2019-05-21T17:50:00","guid":{"rendered":"https:\/\/linitiative.ca\/International\/saison-estivale-a-sidi-bel-abbes-la-protection-civile-mene-une-campagne-de-sensibilisation\/"},"modified":"2019-05-21T13:50:00","modified_gmt":"2019-05-21T17:50:00","slug":"saison-estivale-a-sidi-bel-abbes-la-protection-civile-mene-une-campagne-de-sensibilisation","status":"publish","type":"post","link":"https:\/\/linitiative.ca\/International\/saison-estivale-a-sidi-bel-abbes-la-protection-civile-mene-une-campagne-de-sensibilisation\/","title":{"rendered":"SAISON ESTIVALE A SIDI BEL ABBES : La protection civile  m\u00e8ne une campagne  de sensibilisation"},"content":{"rendered":"<p><br id=\"sep_para_1\" class=\"sep_para access\"\/><\/p>\n<div id=\"para_1\" class=\"para_31166046 resize\">\n<div class=\"texte access firstletter\">\u00a0En vertu des instructions \u00e9manant de la Direction G\u00e9n\u00e9rale de la protection civile, relatives \u00e0 la pr\u00e9paration de la saison estivale 2019, les baignades et la campagne de lutte contre les incendies de for\u00eats et de c\u00e9r\u00e9ales, les premiers responsables de la direction de la protection civile de la wilaya de Sidi Bel Abb\u00e8s, viennent de\u00a0 lancer officiellement et \u00e0 partir de lundi 20 mai 2019,\u00a0 une campagne d&rsquo;information et de sensibilisation sur les risques qui guettent \u00e9ventuellement les citoyens, lit-on dans un communiqu\u00e9.\u00a0 Cette campagne d&rsquo;envergure, organis\u00e9e en collaboration efficiente\u00a0 de la conservation des for\u00eats, de la\u00a0 direction des services agricoles, de l&rsquo;Education Nationale ,du Commerce, serait ax\u00e9e essentiellement sur la\u00a0 pr\u00e9vention des dangers de la mer ,la baignade dans les points, r\u00e9serves d&rsquo;eau et les barrages, les feux de for\u00eats et de r\u00e9coltes, l&rsquo;envenimation scorpionique, les intoxications alimentaires et autres accidents de la route. Dans cette optique, un programme riche et diversifi\u00e9 a \u00e9t\u00e9 \u00e9labor\u00e9 par les m\u00eames services, dans le but de r\u00e9ussir une large diffusion des conseils et consignes de s\u00e9curit\u00e9 et pouvoir informer les citoyens sur les risques\u00a0 survenant en \u00e9t\u00e9.\u00a0\u00a0\u00a0\u00a0\u00a0\u00a0\u00a0<\/div>\n<\/div>\n<p>Auteur: M.Noui<br \/>\n<a href=\"https:\/\/www.reflexiondz.net\/SAISON-ESTIVALE-A-SIDI-BEL-ABBES-La-protection-civile-mene-une-campagne-de-sensibilisation_a55945.html\">Cliquez ici pour lire l&rsquo;article depuis sa source.<\/a><\/p>\n","protected":false},"excerpt":{"rendered":"<p>\u00a0En vertu des instructions \u00e9manant de la Direction G\u00e9n\u00e9rale de la protection civile, relatives \u00e0 la pr\u00e9paration de la saison estivale 2019, les baignades et la campagne de lutte contre les incendies de for\u00eats et de c\u00e9r\u00e9ales, les premiers responsables de la direction de la protection civile de la wilaya de Sidi Bel Abb\u00e8s, viennent [&hellip;]<\/p>\n","protected":false},"author":1740,"featured_media":0,"comment_status":"closed","ping_status":"closed","sticky":false,"template":"","format":"standard","meta":{"fifu_image_url":"","fifu_image_alt":"","footnotes":""},"categories":[53,76],"tags":[],"class_list":["post-35809","post","type-post","status-publish","format-standard","hentry","category-algerie","category-regions"],"_links":{"self":[{"href":"https:\/\/linitiative.ca\/International\/wp-json\/wp\/v2\/posts\/35809","targetHints":{"allow":["GET"]}}],"collection":[{"href":"https:\/\/linitiative.ca\/International\/wp-json\/wp\/v2\/posts"}],"about":[{"href":"https:\/\/linitiative.ca\/International\/wp-json\/wp\/v2\/types\/post"}],"author":[{"embeddable":true,"href":"https:\/\/linitiative.ca\/International\/wp-json\/wp\/v2\/users\/1740"}],"replies":[{"embeddable":true,"href":"https:\/\/linitiative.ca\/International\/wp-json\/wp\/v2\/comments?post=35809"}],"version-history":[{"count":0,"href":"https:\/\/linitiative.ca\/International\/wp-json\/wp\/v2\/posts\/35809\/revisions"}],"wp:attachment":[{"href":"https:\/\/linitiative.ca\/International\/wp-json\/wp\/v2\/media?parent=35809"}],"wp:term":[{"taxonomy":"category","embeddable":true,"href":"https:\/\/linitiative.ca\/International\/wp-json\/wp\/v2\/categories?post=35809"},{"taxonomy":"post_tag","embeddable":true,"href":"https:\/\/linitiative.ca\/International\/wp-json\/wp\/v2\/tags?post=35809"}],"curies":[{"name":"wp","href":"https:\/\/api.w.org\/{rel}","templated":true}]}}