{"id":35811,"date":"2019-05-21T13:50:00","date_gmt":"2019-05-21T17:50:00","guid":{"rendered":"https:\/\/linitiative.ca\/International\/lutte-contre-la-corruption-les-procureurs-generaux-instruits-de-superviser-les-enquetes\/"},"modified":"2019-05-21T13:50:00","modified_gmt":"2019-05-21T17:50:00","slug":"lutte-contre-la-corruption-les-procureurs-generaux-instruits-de-superviser-les-enquetes","status":"publish","type":"post","link":"https:\/\/linitiative.ca\/International\/lutte-contre-la-corruption-les-procureurs-generaux-instruits-de-superviser-les-enquetes\/","title":{"rendered":"LUTTE CONTRE LA CORRUPTION  : Les procureurs g\u00e9n\u00e9raux instruits de superviser les enqu\u00eates"},"content":{"rendered":"<p><br id=\"sep_para_1\" class=\"sep_para access\"\/><\/p>\n<div id=\"para_1\" class=\"para_31166095 resize\">\n<div class=\"texte access firstletter\">En effet, le ministre de la Justice, garde des Sceaux, Slimane Brahmi, a exhort\u00e9 les parquets g\u00e9n\u00e9raux \u00e0 superviser minutieusement les enqu\u00eates pr\u00e9liminaires \u00e0 travers un approfondissement des investigations pour d\u00e9masquer les personnes impliqu\u00e9es dans des affaires de corruption, d\u00e9finir leurs avoirs illicites et situer les lieux o\u00f9 ils se trouvent. Le ministre qui s\u2019exprimait \u00e0 l\u2019occasion de la c\u00e9r\u00e9monie d\u2019installation de M. Zeghmati Belkacem dans ses fonctions de Procureur g\u00e9n\u00e9ral de la Cour d\u2019Alger, a affirm\u00e9 que la lutte contre les crimes de corruption \u00ab implique de la part des parquets g\u00e9n\u00e9raux de diriger et de superviser de mani\u00e8re permanente et minutieuse les enqu\u00eates pr\u00e9liminaires de la police judiciaire, \u00e0 travers l\u2019approfondissement des investigations pour d\u00e9masquer les auteurs de ces crimes, d\u00e9finir leur avoirs criminels et situer les lieux o\u00f9 ils se trouvent pour leur recensement \u00bb. Cette mesure pr\u00e9c\u00e8de la saisie ou le gel des avoirs illicites r\u00e9cup\u00e9r\u00e9s en pr\u00e9vision de leur communication aux juridictions comp\u00e9tentes pour trancher conform\u00e9ment \u00e0 la loi, a ajout\u00e9 M. Brahmi pour qui les avoirs de la corruption constituent \u00ab la pierre angulaire \u00bb de la lutte contre les crimes de corruption \u00ab en portant un coup de gr\u00e2ce aux coupables, c\u2019est \u00e0 dire \u00e0 leurs patrimoine \u00bb. A ce propos, le ministre a soulign\u00e9 que la pr\u00e9vention contre ce fl\u00e9au exige l\u2019exploitation de tous les m\u00e9canismes juridiques disponibles et le recours, le cas \u00e9ch\u00e9ant, \u00e0 la coop\u00e9ration internationale dans le cadre des accords bilat\u00e9raux ou internationaux ratifi\u00e9s par l\u2019Alg\u00e9rie afin d\u2019arr\u00eater les coupables et de les pr\u00e9senter \u00e0 la justice p\u00e9nale, habilit\u00e9e \u00e0 les juger conform\u00e9ment aux lois de R\u00e9publique.\u00a0 Assurant que la justice, avec les comp\u00e9tences et moyens juridiques dont elle dispose, est en mesure de traiter ce genre d\u2019affaires qui nuisent \u00e0 l\u2019\u00e9conomie nationale et \u00e0 la soci\u00e9t\u00e9 dans son ensemble, le Garde des Sceaux a soutenu que l\u2019appareil judiciaire saura y faire face dans le cadre de la l\u00e9gitimit\u00e9 juridique, en toute r\u00e9gularit\u00e9, impartialit\u00e9 et responsabilit\u00e9.<\/div>\n<\/div>\n<p>Auteur: Ismain<br \/>\n<a href=\"https:\/\/www.reflexiondz.net\/LUTTE-CONTRE-LA-CORRUPTION-Les-procureurs-generaux-instruits-de-superviser-les-enquetes_a55950.html\">Cliquez ici pour lire l&rsquo;article depuis sa source.<\/a><\/p>\n","protected":false},"excerpt":{"rendered":"<p>En effet, le ministre de la Justice, garde des Sceaux, Slimane Brahmi, a exhort\u00e9 les parquets g\u00e9n\u00e9raux \u00e0 superviser minutieusement les enqu\u00eates pr\u00e9liminaires \u00e0 travers un approfondissement des investigations pour d\u00e9masquer les personnes impliqu\u00e9es dans des affaires de corruption, d\u00e9finir leurs avoirs illicites et situer les lieux o\u00f9 ils se trouvent. Le ministre qui s\u2019exprimait [&hellip;]<\/p>\n","protected":false},"author":1740,"featured_media":0,"comment_status":"closed","ping_status":"closed","sticky":false,"template":"","format":"standard","meta":{"fifu_image_url":"","fifu_image_alt":"","footnotes":""},"categories":[53,76],"tags":[],"class_list":["post-35811","post","type-post","status-publish","format-standard","hentry","category-algerie","category-regions"],"_links":{"self":[{"href":"https:\/\/linitiative.ca\/International\/wp-json\/wp\/v2\/posts\/35811","targetHints":{"allow":["GET"]}}],"collection":[{"href":"https:\/\/linitiative.ca\/International\/wp-json\/wp\/v2\/posts"}],"about":[{"href":"https:\/\/linitiative.ca\/International\/wp-json\/wp\/v2\/types\/post"}],"author":[{"embeddable":true,"href":"https:\/\/linitiative.ca\/International\/wp-json\/wp\/v2\/users\/1740"}],"replies":[{"embeddable":true,"href":"https:\/\/linitiative.ca\/International\/wp-json\/wp\/v2\/comments?post=35811"}],"version-history":[{"count":0,"href":"https:\/\/linitiative.ca\/International\/wp-json\/wp\/v2\/posts\/35811\/revisions"}],"wp:attachment":[{"href":"https:\/\/linitiative.ca\/International\/wp-json\/wp\/v2\/media?parent=35811"}],"wp:term":[{"taxonomy":"category","embeddable":true,"href":"https:\/\/linitiative.ca\/International\/wp-json\/wp\/v2\/categories?post=35811"},{"taxonomy":"post_tag","embeddable":true,"href":"https:\/\/linitiative.ca\/International\/wp-json\/wp\/v2\/tags?post=35811"}],"curies":[{"name":"wp","href":"https:\/\/api.w.org\/{rel}","templated":true}]}}