{"id":35812,"date":"2019-05-21T13:50:00","date_gmt":"2019-05-21T17:50:00","guid":{"rendered":"https:\/\/linitiative.ca\/International\/syndicat-snapo-sit-in-de-pharmaciens-devant-le-ministere-de-la-justice\/"},"modified":"2019-05-21T13:50:00","modified_gmt":"2019-05-21T17:50:00","slug":"syndicat-snapo-sit-in-de-pharmaciens-devant-le-ministere-de-la-justice","status":"publish","type":"post","link":"https:\/\/linitiative.ca\/International\/syndicat-snapo-sit-in-de-pharmaciens-devant-le-ministere-de-la-justice\/","title":{"rendered":"SYNDICAT SNAPO : Sit-in de pharmaciens devant le minist\u00e8re de la Justice"},"content":{"rendered":"<p><br id=\"sep_para_1\" class=\"sep_para access\"\/><\/p>\n<div id=\"para_1\" class=\"para_31166090 resize\">\n<div class=\"texte access firstletter\">Des dizaines de pharmaciens d\u2019officines ont observ\u00e9, ce lundi, un sit-in de protestation devant le si\u00e8ge du minist\u00e8re de la Justice pour revendiquer la r\u00e9vision de la loi relative \u00e0 la classification des substances psychotropes, la publication de la liste de ces substances dans le Journal officiel et la lib\u00e9ration des pharmaciens d\u00e9tenus pour leur vente. Les pharmaciens ayant observ\u00e9 ce sit-in, auquel a appel\u00e9 le Syndicat national alg\u00e9rien des pharmaciens d\u2019officines (SNAPO), ont d\u00e9plor\u00e9 les jugements prononc\u00e9s \u00e0 l\u2019encontre de pharmaciens qui ont vendu des substances psychotropes, ignorant que les ordonnances pr\u00e9sent\u00e9es \u00e9taient falsifi\u00e9es ou \u00e9tablies en complicit\u00e9 avec leurs auteurs, hissant des slogans d\u00e9fendant la profession de pharmacien. Le pr\u00e9sident du SNAPO, Messaoud Belambri, cit\u00e9 par l\u2019APS, s\u2019est dit constern\u00e9 par la situation actuelle que vit le pharmacien qui se retrouve \u00ab entre le marteau et l\u2019enclume\u00a0 \u00bb, pr\u00e9cisant que ce dernier \u00ab peut \u00e9chapper \u00e0 la justice mais pas aux violences ou encore aux crimes perp\u00e9tr\u00e9s par des personnes d\u00e9pendantes aux psychotropes \u00bb. Entre autres revendications soulev\u00e9es par ce corps, M. Belambri a rappel\u00e9 qu&rsquo; \u00bbaucun pharmacien ne doit \u00eatre d\u00e9f\u00e9r\u00e9 \u00e0 la Justice avant l\u2019\u00e9tablissement d\u2019une expertise juridique de classification officielle des substances pour lesquelles il est poursuivi, une expertise devant \u00eatre men\u00e9e par un laboratoire m\u00e9dico-l\u00e9gal, une source accr\u00e9dit\u00e9e ou une instance professionnelle agr\u00e9\u00e9e repr\u00e9sentant les pharmaciens \u00bb.\u00a0<\/div>\n<\/div>\n<p>Auteur: Ismain<br \/>\n<a href=\"https:\/\/www.reflexiondz.net\/SYNDICAT-SNAPO-Sit-in-de-pharmaciens-devant-le-ministere-de-la-Justice_a55949.html\">Cliquez ici pour lire l&rsquo;article depuis sa source.<\/a><\/p>\n","protected":false},"excerpt":{"rendered":"<p>Des dizaines de pharmaciens d\u2019officines ont observ\u00e9, ce lundi, un sit-in de protestation devant le si\u00e8ge du minist\u00e8re de la Justice pour revendiquer la r\u00e9vision de la loi relative \u00e0 la classification des substances psychotropes, la publication de la liste de ces substances dans le Journal officiel et la lib\u00e9ration des pharmaciens d\u00e9tenus pour leur [&hellip;]<\/p>\n","protected":false},"author":1740,"featured_media":0,"comment_status":"closed","ping_status":"closed","sticky":false,"template":"","format":"standard","meta":{"fifu_image_url":"","fifu_image_alt":"","footnotes":""},"categories":[53,76],"tags":[],"class_list":["post-35812","post","type-post","status-publish","format-standard","hentry","category-algerie","category-regions"],"_links":{"self":[{"href":"https:\/\/linitiative.ca\/International\/wp-json\/wp\/v2\/posts\/35812","targetHints":{"allow":["GET"]}}],"collection":[{"href":"https:\/\/linitiative.ca\/International\/wp-json\/wp\/v2\/posts"}],"about":[{"href":"https:\/\/linitiative.ca\/International\/wp-json\/wp\/v2\/types\/post"}],"author":[{"embeddable":true,"href":"https:\/\/linitiative.ca\/International\/wp-json\/wp\/v2\/users\/1740"}],"replies":[{"embeddable":true,"href":"https:\/\/linitiative.ca\/International\/wp-json\/wp\/v2\/comments?post=35812"}],"version-history":[{"count":0,"href":"https:\/\/linitiative.ca\/International\/wp-json\/wp\/v2\/posts\/35812\/revisions"}],"wp:attachment":[{"href":"https:\/\/linitiative.ca\/International\/wp-json\/wp\/v2\/media?parent=35812"}],"wp:term":[{"taxonomy":"category","embeddable":true,"href":"https:\/\/linitiative.ca\/International\/wp-json\/wp\/v2\/categories?post=35812"},{"taxonomy":"post_tag","embeddable":true,"href":"https:\/\/linitiative.ca\/International\/wp-json\/wp\/v2\/tags?post=35812"}],"curies":[{"name":"wp","href":"https:\/\/api.w.org\/{rel}","templated":true}]}}