{"id":35813,"date":"2019-05-21T13:50:00","date_gmt":"2019-05-21T17:50:00","guid":{"rendered":"https:\/\/linitiative.ca\/International\/laccusant-davoir-ordonne-le-cadenassage-de-lapn-said-bouhadja-charge-lex-sg-du-fln\/"},"modified":"2019-05-21T13:50:00","modified_gmt":"2019-05-21T17:50:00","slug":"laccusant-davoir-ordonne-le-cadenassage-de-lapn-said-bouhadja-charge-lex-sg-du-fln","status":"publish","type":"post","link":"https:\/\/linitiative.ca\/International\/laccusant-davoir-ordonne-le-cadenassage-de-lapn-said-bouhadja-charge-lex-sg-du-fln\/","title":{"rendered":"L\u2019ACCUSANT D\u2019AVOIR ORDONNE LE \u2018\u2019CADENASSAGE\u2019\u2019 DE L\u2019APN : Said Bouhadja charge l\u2019ex SG du FLN"},"content":{"rendered":"<p><br id=\"sep_para_1\" class=\"sep_para access\"\/><\/p>\n<div id=\"para_1\" class=\"para_31166080 resize\">\n<div class=\"texte access firstletter\">En effet, l\u2019ancien pr\u00e9sident de l\u2019assembl\u00e9e populaire nationale (APN), Said Bouhadja a charg\u00e9 l\u2019ex SG du FLN Djamel Ould Abbes l\u2019accusant ainsi, d\u2019\u00eatre derri\u00e8re le mouvement de protestation qui l\u2019a destitu\u00e9 de son poste. \u00ab C\u2019est Ould Abbes qui a men\u00e9 ce mouvement contraire \u00e0 l\u2019\u00e9thique, et non civilis\u00e9 qui consiste \u00e0 rassembler des signatures pour arriver \u00e0 un objectif non l\u00e9gitime et qui n\u2019est pas pr\u00e9vu dans le r\u00e8glement de l\u2019assembl\u00e9e \u00bb a indiqu\u00e9 Said Bouhadja.\u00a0 Selon lui, Ould Abbes a \u00abvoulu faire pression en utilisant des lois du parti, et non ceux de l\u2019assembl\u00e9e\u00bb. \u00ab Si j\u2019ai failli dans un geste politique, si je n\u2019avais pas accompli une mission dont il m\u2019a charg\u00e9, ou j\u2019ai pris des d\u00e9cisions contre la position du parti, il aurait avoir raison \u00bb, mais, \u00ab dans les affaires li\u00e9es \u00e0 l\u2019assembl\u00e9e il n\u2019a pas le droit d\u2019intervenir \u00bb a estim\u00e9 encore Bouhadja. Pour rappel, les d\u00e9put\u00e9s ont proc\u00e9d\u00e9 \u00e0 la fermeture des portes de l\u2019APN devant Said Bouhadja, en septembre de l\u2019ann\u00e9e derni\u00e8re et ils ont proc\u00e9d\u00e9 \u00e0 sa destitution avec une mani\u00e8re qui a \u00e9t\u00e9 tr\u00e8s critiqu\u00e9e et mal vue de l\u2019int\u00e9rieur comme de l\u2019ext\u00e9rieur.<\/div>\n<\/div>\n<p>Auteur: Ismain<br \/>\n<a href=\"https:\/\/www.reflexiondz.net\/L-ACCUSANT-D-AVOIR-ORDONNE-LE-CADENASSAGE-DE-L-APN-Said-Bouhadja-charge-l-ex-SG-du-FLN_a55948.html\">Cliquez ici pour lire l&rsquo;article depuis sa source.<\/a><\/p>\n","protected":false},"excerpt":{"rendered":"<p>En effet, l\u2019ancien pr\u00e9sident de l\u2019assembl\u00e9e populaire nationale (APN), Said Bouhadja a charg\u00e9 l\u2019ex SG du FLN Djamel Ould Abbes l\u2019accusant ainsi, d\u2019\u00eatre derri\u00e8re le mouvement de protestation qui l\u2019a destitu\u00e9 de son poste. \u00ab C\u2019est Ould Abbes qui a men\u00e9 ce mouvement contraire \u00e0 l\u2019\u00e9thique, et non civilis\u00e9 qui consiste \u00e0 rassembler des signatures [&hellip;]<\/p>\n","protected":false},"author":1740,"featured_media":0,"comment_status":"closed","ping_status":"closed","sticky":false,"template":"","format":"standard","meta":{"fifu_image_url":"","fifu_image_alt":"","footnotes":""},"categories":[53,76],"tags":[],"class_list":["post-35813","post","type-post","status-publish","format-standard","hentry","category-algerie","category-regions"],"_links":{"self":[{"href":"https:\/\/linitiative.ca\/International\/wp-json\/wp\/v2\/posts\/35813","targetHints":{"allow":["GET"]}}],"collection":[{"href":"https:\/\/linitiative.ca\/International\/wp-json\/wp\/v2\/posts"}],"about":[{"href":"https:\/\/linitiative.ca\/International\/wp-json\/wp\/v2\/types\/post"}],"author":[{"embeddable":true,"href":"https:\/\/linitiative.ca\/International\/wp-json\/wp\/v2\/users\/1740"}],"replies":[{"embeddable":true,"href":"https:\/\/linitiative.ca\/International\/wp-json\/wp\/v2\/comments?post=35813"}],"version-history":[{"count":0,"href":"https:\/\/linitiative.ca\/International\/wp-json\/wp\/v2\/posts\/35813\/revisions"}],"wp:attachment":[{"href":"https:\/\/linitiative.ca\/International\/wp-json\/wp\/v2\/media?parent=35813"}],"wp:term":[{"taxonomy":"category","embeddable":true,"href":"https:\/\/linitiative.ca\/International\/wp-json\/wp\/v2\/categories?post=35813"},{"taxonomy":"post_tag","embeddable":true,"href":"https:\/\/linitiative.ca\/International\/wp-json\/wp\/v2\/tags?post=35813"}],"curies":[{"name":"wp","href":"https:\/\/api.w.org\/{rel}","templated":true}]}}