{"id":35815,"date":"2019-05-21T13:50:00","date_gmt":"2019-05-21T17:50:00","guid":{"rendered":"https:\/\/linitiative.ca\/International\/oran-10-harraga-arretes-a-ain-el-turck\/"},"modified":"2019-05-21T13:50:00","modified_gmt":"2019-05-21T17:50:00","slug":"oran-10-harraga-arretes-a-ain-el-turck","status":"publish","type":"post","link":"https:\/\/linitiative.ca\/International\/oran-10-harraga-arretes-a-ain-el-turck\/","title":{"rendered":"ORAN : 10 \u2018\u2019harraga\u2019\u2019 arr\u00eat\u00e9s  \u00e0 Ain El Turck"},"content":{"rendered":"<p><br id=\"sep_para_1\" class=\"sep_para access\"\/><\/p>\n<div id=\"para_1\" class=\"para_31166018 resize\">\n<div class=\"texte access firstletter\">Les \u00e9l\u00e9ments de la s\u00fbret\u00e9 de da\u00efra d\u2019Ain El Turck ont mis en \u00e9chec\u00a0 une tentative d\u2019\u00e9migration clandestine. Quelque\u00a0 10 harraga, \u00e2g\u00e9s entre 20 et 36 ans,\u00a0 ont \u00e9t\u00e9 intercept\u00e9s au large des c\u00f4tes d\u2019Ain El Turck et ont \u00e9t\u00e9 arr\u00eat\u00e9s. Parmi les clandestins appr\u00e9hend\u00e9s, il est signal\u00e9 la pr\u00e9sence de\u00a0 deux femmes originaires des wilayas du centre du pays. Les jeunes ont \u00e9t\u00e9 arr\u00eat\u00e9s sur la base d\u2019informations parvenues aux policiers en possession de sacs \u00e0 dos. Les premi\u00e8res donn\u00e9es des recherches ont r\u00e9v\u00e9l\u00e9 qu\u2019ils avaient l\u2019intention de prendre le large en compagnie d\u2019un individu r\u00e9sidant \u00e0 l\u2019\u00e9tranger. Les policiers les ont arr\u00eat\u00e9s au niveau de la plage de Saint-Germain en possession d\u2019une somme en devises estim\u00e9e \u00e0 1390 euros. Ils seront pr\u00e9sent\u00e9s devant le tribunal pour tentative d\u2019\u00e9migration clandestine.\u00a0<\/div>\n<\/div>\n<p>Auteur: Smain<br \/>\n<a href=\"https:\/\/www.reflexiondz.net\/ORAN-10-harraga-arretes-a-Ain-El-Turck_a55943.html\">Cliquez ici pour lire l&rsquo;article depuis sa source.<\/a><\/p>\n","protected":false},"excerpt":{"rendered":"<p>Les \u00e9l\u00e9ments de la s\u00fbret\u00e9 de da\u00efra d\u2019Ain El Turck ont mis en \u00e9chec\u00a0 une tentative d\u2019\u00e9migration clandestine. Quelque\u00a0 10 harraga, \u00e2g\u00e9s entre 20 et 36 ans,\u00a0 ont \u00e9t\u00e9 intercept\u00e9s au large des c\u00f4tes d\u2019Ain El Turck et ont \u00e9t\u00e9 arr\u00eat\u00e9s. Parmi les clandestins appr\u00e9hend\u00e9s, il est signal\u00e9 la pr\u00e9sence de\u00a0 deux femmes originaires des [&hellip;]<\/p>\n","protected":false},"author":1740,"featured_media":0,"comment_status":"closed","ping_status":"closed","sticky":false,"template":"","format":"standard","meta":{"fifu_image_url":"","fifu_image_alt":"","footnotes":""},"categories":[53,76],"tags":[],"class_list":["post-35815","post","type-post","status-publish","format-standard","hentry","category-algerie","category-regions"],"_links":{"self":[{"href":"https:\/\/linitiative.ca\/International\/wp-json\/wp\/v2\/posts\/35815","targetHints":{"allow":["GET"]}}],"collection":[{"href":"https:\/\/linitiative.ca\/International\/wp-json\/wp\/v2\/posts"}],"about":[{"href":"https:\/\/linitiative.ca\/International\/wp-json\/wp\/v2\/types\/post"}],"author":[{"embeddable":true,"href":"https:\/\/linitiative.ca\/International\/wp-json\/wp\/v2\/users\/1740"}],"replies":[{"embeddable":true,"href":"https:\/\/linitiative.ca\/International\/wp-json\/wp\/v2\/comments?post=35815"}],"version-history":[{"count":0,"href":"https:\/\/linitiative.ca\/International\/wp-json\/wp\/v2\/posts\/35815\/revisions"}],"wp:attachment":[{"href":"https:\/\/linitiative.ca\/International\/wp-json\/wp\/v2\/media?parent=35815"}],"wp:term":[{"taxonomy":"category","embeddable":true,"href":"https:\/\/linitiative.ca\/International\/wp-json\/wp\/v2\/categories?post=35815"},{"taxonomy":"post_tag","embeddable":true,"href":"https:\/\/linitiative.ca\/International\/wp-json\/wp\/v2\/tags?post=35815"}],"curies":[{"name":"wp","href":"https:\/\/api.w.org\/{rel}","templated":true}]}}