{"id":35816,"date":"2019-05-21T17:04:02","date_gmt":"2019-05-21T21:04:02","guid":{"rendered":"https:\/\/linitiative.ca\/International\/le-pt-reaffirme-son-soutien-a-sa-secretaire-generale-louisa-hanoune\/"},"modified":"2019-05-21T17:04:02","modified_gmt":"2019-05-21T21:04:02","slug":"le-pt-reaffirme-son-soutien-a-sa-secretaire-generale-louisa-hanoune","status":"publish","type":"post","link":"https:\/\/linitiative.ca\/International\/le-pt-reaffirme-son-soutien-a-sa-secretaire-generale-louisa-hanoune\/","title":{"rendered":"Le PT r\u00e9affirme son soutien \u00e0 sa secr\u00e9taire g\u00e9n\u00e9rale Louisa Hanoune"},"content":{"rendered":"<h4 class=\"title-14\"\/>\n<p class=\"p1\">Le Parti des travailleurs (PT) r\u00e9agit au rejet par le tribunal militaire de Blida de la demande de lib\u00e9ration provisoire de Louisa Hanoune. Dans un communiqu\u00e9 rendu public hier, le PT souligne que <em>\u00abLouisa Hanoune est la premi\u00e8re responsable d\u2019un parti politique emprisonn\u00e9e depuis l\u2019av\u00e8nement du multipartisme dans notre pays\u00bb.<\/em><\/p>\n<p class=\"p1\">Il affirme que <em>\u00abce qui est reproch\u00e9 \u00e0 Louisa Hanoune, c\u2019est de vouloir changer le r\u00e9gime. Elle est emprisonn\u00e9e pour des raisons politiques, pour ses positions politiques. Elle est donc une prisonni\u00e8re politique\u00bb<\/em>.<span class=\"Apple-converted-space\">\u00a0<\/span> <em>\u00abDes millions et des millions d\u2019Alg\u00e9riennes et d\u2019Alg\u00e9riens manifestent depuis le 22 f\u00e9vrier dans les 48\u00a0wilayas du pays et dans l\u2019immigration pour changer le r\u00e9gime. Le maintien de Louisa Hanoune en d\u00e9tention est une menace contre tous ceux qui veulent changer le r\u00e9gime\u00bb<\/em>, soutient le PT. Et d\u2019ajouter : <em>\u00abLe r\u00e9gime en crise man\u0153uvre et r\u00e9prime en cherchant \u00e0 se pr\u00e9server, pour se maintenir. La nouvelle demande de lib\u00e9ration ne sera examin\u00e9e que dans un mois par le tribunal militaire.<\/em><\/p>\n<p class=\"p1\"><em>Pas un jour de prison de plus pour Louisa Hanoune. Plus que jamais nous exigeons la lib\u00e9ration de Louisa Hanoune. C\u2019est l\u00e0 le moyen pour s\u2019opposer \u00e0 la r\u00e9pression et aux menaces contre les libert\u00e9s. Le Parti des travailleurs r\u00e9affirme son soutien \u00e0 sa secr\u00e9taire g\u00e9n\u00e9rale Louisa Hanoune.\u00bb<\/em> Le PT appelle <em>\u00ables partis politiques, les organisations syndicales, les organisations de d\u00e9fense des droits de l\u2019homme, les associations et les militants de d\u00e9fense des libert\u00e9s et de la d\u00e9mocratie\u2026 \u00e0 intensifier la campagne pour la lib\u00e9ration de Louisa Hanoune\u00bb<\/em>.<\/p>\n<div class=\"yuzo_related_post style-1\" data-version=\"5.12.88\">\n<p><h3>Related Post<\/h3>\n<\/p>\n<div class=\"yuzo_wraps\">\n<div class=\"relatedthumb relatedpost-569240 c11\"><a href=\"https:\/\/www.elwatan.com\/edition\/actualite\/lart-est-aussi-une-maniere-de-faire-de-la-politique-12-04-2019\"\/><\/p>\n<p><span class=\"yuzo__text--title c10\">L\u2019art est aussi une mani\u00e8re de faire de la politiq&#8230;<\/span><\/div>\n<div class=\"relatedthumb relatedpost-549735 c11\"><a href=\"https:\/\/www.elwatan.com\/pages-hebdo\/auto\/ouverture-dun-nouveau-distributeur-a-setif-2-21-02-2018\"\/><\/p>\n<p><span class=\"yuzo__text--title c10\">Ouverture d\u2019un nouveau distributeur \u00e0 S\u00e9tif<\/span><\/div>\n<div class=\"relatedthumb relatedpost-555595 c11\"><a href=\"https:\/\/www.elwatan.com\/edition\/actualite\/on-vous-le-dit-3951-29-01-2019\"\/><\/p>\n<p><span class=\"yuzo__text--title c10\">On vous le dit<\/span><\/div>\n<div class=\"relatedthumb relatedpost-497769 c11\"><a href=\"https:\/\/www.elwatan.com\/edition\/international\/manifestations-du-pain-au-soudan-omar-el-bechir-sort-la-matraque-08-01-2019\"\/><\/p>\n<p><span class=\"yuzo__text--title c10\">Manifestations du pain au Soudan : Omar El B\u00e9chir &#8230;<\/span><\/div>\n<\/div>\n<\/div>\n<p><span class=\"post-views-label\">Post Views:<\/span> <span class=\"post-views-count\">90<\/span><\/p>\n<p>Auteur: Hicham Chouadria<br \/>\n<a href=\"https:\/\/www.elwatan.com\/edition\/actualite\/le-pt-reaffirme-son-soutien-a-sa-secretaire-generale-louisa-hanoune-21-05-2019\">Cliquez ici pour lire l&rsquo;article depuis sa source.<\/a><\/p>\n","protected":false},"excerpt":{"rendered":"<p>Le Parti des travailleurs (PT) r\u00e9agit au rejet par le tribunal militaire de Blida de la demande de lib\u00e9ration provisoire de Louisa Hanoune. Dans un communiqu\u00e9 rendu public hier, le PT souligne que \u00abLouisa Hanoune est la premi\u00e8re responsable d\u2019un parti politique emprisonn\u00e9e depuis l\u2019av\u00e8nement du multipartisme dans notre pays\u00bb. Il affirme que \u00abce qui [&hellip;]<\/p>\n","protected":false},"author":1743,"featured_media":0,"comment_status":"closed","ping_status":"closed","sticky":false,"template":"","format":"standard","meta":{"fifu_image_url":"","fifu_image_alt":"","footnotes":""},"categories":[73,53],"tags":[],"class_list":["post-35816","post","type-post","status-publish","format-standard","hentry","category-actualite","category-algerie"],"_links":{"self":[{"href":"https:\/\/linitiative.ca\/International\/wp-json\/wp\/v2\/posts\/35816","targetHints":{"allow":["GET"]}}],"collection":[{"href":"https:\/\/linitiative.ca\/International\/wp-json\/wp\/v2\/posts"}],"about":[{"href":"https:\/\/linitiative.ca\/International\/wp-json\/wp\/v2\/types\/post"}],"author":[{"embeddable":true,"href":"https:\/\/linitiative.ca\/International\/wp-json\/wp\/v2\/users\/1743"}],"replies":[{"embeddable":true,"href":"https:\/\/linitiative.ca\/International\/wp-json\/wp\/v2\/comments?post=35816"}],"version-history":[{"count":0,"href":"https:\/\/linitiative.ca\/International\/wp-json\/wp\/v2\/posts\/35816\/revisions"}],"wp:attachment":[{"href":"https:\/\/linitiative.ca\/International\/wp-json\/wp\/v2\/media?parent=35816"}],"wp:term":[{"taxonomy":"category","embeddable":true,"href":"https:\/\/linitiative.ca\/International\/wp-json\/wp\/v2\/categories?post=35816"},{"taxonomy":"post_tag","embeddable":true,"href":"https:\/\/linitiative.ca\/International\/wp-json\/wp\/v2\/tags?post=35816"}],"curies":[{"name":"wp","href":"https:\/\/api.w.org\/{rel}","templated":true}]}}