{"id":35817,"date":"2019-05-21T17:04:05","date_gmt":"2019-05-21T21:04:05","guid":{"rendered":"https:\/\/linitiative.ca\/International\/tribunal-militaire-de-blida-said-bouteflika-les-generaux-mediene-et-tartag-et-louisa-hanoune-restent-en-prison\/"},"modified":"2019-05-21T17:04:05","modified_gmt":"2019-05-21T21:04:05","slug":"tribunal-militaire-de-blida-said-bouteflika-les-generaux-mediene-et-tartag-et-louisa-hanoune-restent-en-prison","status":"publish","type":"post","link":"https:\/\/linitiative.ca\/International\/tribunal-militaire-de-blida-said-bouteflika-les-generaux-mediene-et-tartag-et-louisa-hanoune-restent-en-prison\/","title":{"rendered":"Tribunal militaire de Blida : Sa\u00efd Bouteflika, les g\u00e9n\u00e9raux Medi\u00e8ne et Tartag et Louisa Hanoune restent en prison"},"content":{"rendered":"<h4 class=\"title-14\"\/>\n<div class=\"featured_image\"><img width=\"600\" height=\"387\" data-cfsrc=\"https:\/\/www.elwatan.com\/wp-content\/uploads\/2019\/05\/tribunal-militaire-1.jpg\" class=\"attachment-post-thumbnail size-post-thumbnail wp-post-image c1\" alt=\"\" srcset=\"https:\/\/www.elwatan.com\/wp-content\/uploads\/2019\/05\/tribunal-militaire-1.jpg 600w, https:\/\/www.elwatan.com\/wp-content\/uploads\/2019\/05\/tribunal-militaire-1-300x194.jpg 300w\" sizes=\"(max-width: 600px) 100vw, 600px\"\/><noscript><\/p>\n<p><img loading=\"lazy\" decoding=\"async\" width=\"600\" height=\"387\" src=\"https:\/\/www.elwatan.com\/wp-content\/uploads\/2019\/05\/tribunal-militaire-1.jpg\" class=\"attachment-post-thumbnail size-post-thumbnail wp-post-image\" alt=\"\" srcset=\"https:\/\/www.elwatan.com\/wp-content\/uploads\/2019\/05\/tribunal-militaire-1.jpg 600w, https:\/\/www.elwatan.com\/wp-content\/uploads\/2019\/05\/tribunal-militaire-1-300x194.jpg 300w\" sizes=\"auto, (max-width: 600px) 100vw, 600px\"\/><\/p>\n<p><\/noscript><\/div>\n<p class=\"p1\"><span class=\"s1\"><strong>E<\/strong><\/span><span class=\"s2\">n quelques heures, la chambre d\u2019accusation pr\u00e8s la cour militaire de Blida a statu\u00e9 sur le pourvoi contre la mise sous mandat de d\u00e9p\u00f4t de Sa\u00efd Boutefika, fr\u00e8re-conseiller du Pr\u00e9sident d\u00e9chu, des deux g\u00e9n\u00e9raux \u00e0 la retraite, Mohamed Medi\u00e8ne, ancien patron de l\u2019ex-DRS (D\u00e9partement de renseignement et de s\u00e9curit\u00e9), et Bachir Tartag, ex-conseiller \u00e0 la s\u00e9curit\u00e9 aupr\u00e8s de la Pr\u00e9sidence et coordinateur des services secrets alg\u00e9riens, et de Louisa Hanoune, secr\u00e9taire g\u00e9n\u00e9rale du Parti des travailleurs (PT), tous poursuivis pour \u00abcomplot contre l\u2019autorit\u00e9 de l\u2019Etat et de l\u2019aArm\u00e9e\u00bb.<\/span><\/p>\n<p class=\"p2\"><span class=\"s2\">C\u2019est vers 12h30 que les trois avocats sont sortis du tribunal militaire de Blida pour rejoindre une foule rassembl\u00e9e en face de la juridiction depuis 9h, en solidarit\u00e9 avec la secr\u00e9taire g\u00e9n\u00e9rale du PT. Ils annoncent la <em>\u00abmauvaise nouvelle\u00bb<\/em>, disent-ils.<\/span><\/p>\n<p class=\"p2\"><span class=\"s2\">Louisa Hanoune ne retrouvera pas la libert\u00e9. La chambre d\u2019accusation a rejet\u00e9 le pourvoi contre le mandat de d\u00e9p\u00f4t. C\u2019est la d\u00e9ception de ces quelques dizaines de personnes qui se sont rassembl\u00e9es avec les cadres du PT en face du tribunal militaire de Blida, en signe de solidarit\u00e9 et de soutien \u00e0 cette militante engag\u00e9e. Parmi eux, une d\u00e9l\u00e9gation du Front des forces socialistes (FFS), \u00e0 sa t\u00eate Ali Laskri, des repr\u00e9sentants du RAJ, des journalistes et de simples citoyens.<\/span><\/p>\n<p class=\"p2\"><span class=\"s2\">Pour Youcef Ramdane Ta\u00e2zibt, cadre dirigeant du PT, il n\u2019\u00e9tait pas question d\u2019appeler \u00e0 un rassemblement. <em>\u00abCe sont uniquement les cadres du parti qui devaient \u00eatre pr\u00e9sents afin de marquer cette journ\u00e9e. Nous sommes heureux qu\u2019il y ait eu autant de personnes qui nous ont rejoint\u00bb<\/em>, dit-il.<\/span><\/p>\n<p class=\"p2\"><span class=\"s2\">Ta\u00e2zibt refuse de s\u2019exprimer sur le volet judiciaire, mais explique que <em>\u00abLouisa Hanoune est en prison pour son activit\u00e9 politique, sa position aux c\u00f4t\u00e9s de la r\u00e9volution et contre les man\u0153uvres qui tentent \u00e0 la faire avorter. Son affaire est purement politique\u00bb<\/em>.<\/span><\/p>\n<p class=\"p2\"><span class=\"s2\">Selon lui, <em>\u00abla secr\u00e9taire g\u00e9n\u00e9rale du PT a consacr\u00e9 une grande partie de sa vie \u00e0 l\u2019action militante pour la d\u00e9mocratie et l\u2019Etat de droit, comment peut-elle aujourd\u2019hui se retrouver en prison ? Que ceux qui l\u2019ont mise en d\u00e9tention la fassent sortir parce que chaque jour qu\u2019elle y passe est insupportable, aussi bien pour elle que pour tous ceux qui croient en elle. Sa place est parmi ses militants et non pas en prison\u00bb.<\/em><\/span><\/p>\n<p class=\"p2\"><span class=\"s2\">Ta\u00e2zibt note par ailleurs qu\u2019une\u00a0<em>\u00ablarge campagne\u00bb<\/em> de solidarit\u00e9 avec Louisa Hanoune se poursuit, aussi bien au niveau national qu\u2019international, alors que la p\u00e9tition pour sa lib\u00e9ration est d\u00e9j\u00e0 sign\u00e9e par des milliers de personnalit\u00e9s alg\u00e9riennes et \u00e9trang\u00e8res, ainsi que des citoyens. <em>\u00abTous les jours, nous recevons des dizaines et des dizaines de signatures, alors que la liste des membres du comit\u00e9 national populaire pour la lib\u00e9ration de Louisa Hanoune ne cesse de s\u2019allonger.<\/em><\/span><\/p>\n<p class=\"p2\"><span class=\"s2\"><em>Demain<\/em> (aujourd\u2019hui)<em>, nous tiendrons la r\u00e9union du bureau politique pour informer nos cadres de la situation et pour d\u00e9cider d\u2019autres actions \u00e0 mener dans les jours \u00e0 venir. Il n\u2019est pas question pour nous de nous arr\u00eater.<\/em><\/span><\/p>\n<p class=\"p2\"><span class=\"s2\"><em>S\u2019ils pensent qu\u2019avec la mise en d\u00e9tention de la secr\u00e9taire g\u00e9n\u00e9rale du PT ils peuvent nous faire reculer de nos positions, ils se trompent. Nous sommes plus d\u00e9termin\u00e9s qu\u2019avant et nous poursuivrons notre d\u00e9marche et nos actions.\u00bb<\/em><\/span><\/p>\n<p class=\"p2\"><span class=\"s2\">Il est \u00e0 rappeler que Sa\u00efd Bouteflika, Mohamed Medi\u00e8ne et Bachir Tartag ont \u00e9t\u00e9 arr\u00eat\u00e9s le 4 mai par les officiers de la direction de la s\u00e9curit\u00e9 int\u00e9rieure, sous tutelle du minist\u00e8re de la D\u00e9fense, puis d\u00e9f\u00e9r\u00e9s le lendemain devant le tribunal militaire de Blida et plac\u00e9s sous mandat de d\u00e9p\u00f4t.<\/span><\/p>\n<p class=\"p2\"><span class=\"s2\">Louisa Hanoune avait \u00e9t\u00e9 convoqu\u00e9e par la m\u00eame juridiction comme t\u00e9moin, le 9 mai, la veille d\u2019un week-end. Apr\u00e8s une audition de plus de cinq heures, elle a \u00e9t\u00e9 inculp\u00e9e et incarc\u00e9r\u00e9e.<\/span><\/p>\n<p class=\"p2\"><span class=\"s2\">Tout au long de cette journ\u00e9e, tout pr\u00e9ludait une telle d\u00e9cision. D\u2019abord les images de son entr\u00e9e au tribunal prises de l\u2019int\u00e9rieur, par une cam\u00e9ra cach\u00e9e, et diffus\u00e9es par la cha\u00eene de T\u00e9l\u00e9vision publique et reprises en boucle par les autres cha\u00eenes priv\u00e9es. Puis, l\u2019annonce de sa mise sous mandat de d\u00e9p\u00f4t, par une cha\u00eene priv\u00e9e, alors que son audition n\u2019\u00e9tait m\u00eame pas encore termin\u00e9e.<\/span><\/p>\n<p class=\"p2\"><span class=\"s2\">Selon un de ses avocats, le tribunal lui reproche de <em>\u00abs\u2019\u00eatre r\u00e9unie\u00bb<\/em> avec Sa\u00efd Bouteflika et le g\u00e9n\u00e9ral Mohamed Medi\u00e8ne <em>\u00abpour discuter de la situation politique du pays\u00bb<\/em>, alors qu\u2019en tant que chef de parti, <em>\u00abelle est dans son r\u00f4le et se doit de rencontrer toute personnalit\u00e9 et toute personne pour s\u2019informer ou pour participer \u00e0 la r\u00e9solution de la crise politique que traverse le pays\u00bb.<\/em><\/span><\/p>\n<p class=\"p2\"><span class=\"s2\">En tout cas, la mise en d\u00e9tention de Louisa Hanoune en tant que chef de parti a suscit\u00e9 de nombreuses r\u00e9actions, mais aussi une large campagne de solidarit\u00e9 avec cette militante et engag\u00e9e, qui lutte depuis plus de 40 ann\u00e9es pour une Alg\u00e9rie libre et d\u00e9mocratique. L\u2019incarc\u00e9ration d\u2019un chef de parti a soulev\u00e9 de lourdes interrogations et n\u2019augure rien de bon pour le pays.<\/span><\/p>\n<p class=\"p2\"><span class=\"s2\">Priv\u00e9e de libert\u00e9, Louisa Hanoune devra, malheureusement, rester en prison aussi longtemps que le juge du tribunal militaire de Blida le voudra.<\/span><\/p>\n<div class=\"yuzo_related_post style-1\" data-version=\"5.12.88\">\n<p><h3>Related Post<\/h3>\n<\/p>\n<div class=\"yuzo_wraps\">\n<div class=\"relatedthumb relatedpost-298249 c11\"><a href=\"https:\/\/www.elwatan.com\/regions\/kabylie\/bejaia\/chu-bejaia-chu-de-saint-etienne-19e-mission-de-cooperation-09-12-2018\"\/><\/p>\n<p><span class=\"yuzo__text--title c10\">CHU B\u00e9ja\u00efa-CHU de Saint-Etienne : 19e mission de c&#8230;<\/span><\/div>\n<div class=\"relatedthumb relatedpost-346474 c11\"><a href=\"https:\/\/www.elwatan.com\/pages-hebdo\/france-actu\/jean-pierre-chevenement-president-sortant-la-deontologie-republicaine-de-la-fondation-sest-affirmee-18-12-2018\"\/><\/p>\n<p><span class=\"yuzo__text--title c10\">Jean-Pierre Chev\u00e8nement, pr\u00e9sident sortant : \u00abLa &#8230;<\/span><\/div>\n<div class=\"relatedthumb relatedpost-578147 c11\"><a href=\"https:\/\/www.elwatan.com\/regions\/ouest\/oran\/oran-lenmtv-renforce-ses-dessertes-13-05-2019\"\/><\/p>\n<p><span class=\"yuzo__text--title c10\">Oran :\u00a0L\u2019ENMTV renforce ses dessertes<\/span><\/div>\n<div class=\"relatedthumb relatedpost-563439 c11\"><a href=\"https:\/\/www.elwatan.com\/edition\/actualite\/des-magistrats-se-rebellent-a-bejaia-nous-nencadrerons-pas-les-prochaines-elections-12-03-2019\"\/><\/p>\n<p><span class=\"yuzo__text--title c10\">Des magistrats se rebellent \u00e0 B\u00e9ja\u00efa : \u00abNous n\u2019enc&#8230;<\/span><\/div>\n<\/div>\n<\/div>\n<p><span class=\"post-views-label\">Post Views:<\/span> <span class=\"post-views-count\">7\u00a0214<\/span><\/p>\n<p>Auteur: Hicham Chouadria<br \/>\n<a href=\"https:\/\/www.elwatan.com\/edition\/actualite\/tribunal-militaire-de-blida-said-bouteflika-les-generaux-mediene-et-tartag-et-louisa-hanoune-restent-en-prison-21-05-2019\">Cliquez ici pour lire l&rsquo;article depuis sa source.<\/a><\/p>\n","protected":false},"excerpt":{"rendered":"<p>En quelques heures, la chambre d\u2019accusation pr\u00e8s la cour militaire de Blida a statu\u00e9 sur le pourvoi contre la mise sous mandat de d\u00e9p\u00f4t de Sa\u00efd Boutefika, fr\u00e8re-conseiller du Pr\u00e9sident d\u00e9chu, des deux g\u00e9n\u00e9raux \u00e0 la retraite, Mohamed Medi\u00e8ne, ancien patron de l\u2019ex-DRS (D\u00e9partement de renseignement et de s\u00e9curit\u00e9), et Bachir Tartag, ex-conseiller \u00e0 la [&hellip;]<\/p>\n","protected":false},"author":1743,"featured_media":35818,"comment_status":"closed","ping_status":"closed","sticky":false,"template":"","format":"standard","meta":{"fifu_image_url":"","fifu_image_alt":"","footnotes":""},"categories":[73,53],"tags":[],"class_list":["post-35817","post","type-post","status-publish","format-standard","has-post-thumbnail","hentry","category-actualite","category-algerie"],"_links":{"self":[{"href":"https:\/\/linitiative.ca\/International\/wp-json\/wp\/v2\/posts\/35817","targetHints":{"allow":["GET"]}}],"collection":[{"href":"https:\/\/linitiative.ca\/International\/wp-json\/wp\/v2\/posts"}],"about":[{"href":"https:\/\/linitiative.ca\/International\/wp-json\/wp\/v2\/types\/post"}],"author":[{"embeddable":true,"href":"https:\/\/linitiative.ca\/International\/wp-json\/wp\/v2\/users\/1743"}],"replies":[{"embeddable":true,"href":"https:\/\/linitiative.ca\/International\/wp-json\/wp\/v2\/comments?post=35817"}],"version-history":[{"count":0,"href":"https:\/\/linitiative.ca\/International\/wp-json\/wp\/v2\/posts\/35817\/revisions"}],"wp:featuredmedia":[{"embeddable":true,"href":"https:\/\/linitiative.ca\/International\/wp-json\/"}],"wp:attachment":[{"href":"https:\/\/linitiative.ca\/International\/wp-json\/wp\/v2\/media?parent=35817"}],"wp:term":[{"taxonomy":"category","embeddable":true,"href":"https:\/\/linitiative.ca\/International\/wp-json\/wp\/v2\/categories?post=35817"},{"taxonomy":"post_tag","embeddable":true,"href":"https:\/\/linitiative.ca\/International\/wp-json\/wp\/v2\/tags?post=35817"}],"curies":[{"name":"wp","href":"https:\/\/api.w.org\/{rel}","templated":true}]}}