{"id":35819,"date":"2019-05-21T17:04:09","date_gmt":"2019-05-21T21:04:09","guid":{"rendered":"https:\/\/linitiative.ca\/International\/propositions-de-sortie-de-crise-le-chef-detat-major-de-lanp-verse-dans-le-deni-de-realite\/"},"modified":"2019-05-21T17:04:09","modified_gmt":"2019-05-21T21:04:09","slug":"propositions-de-sortie-de-crise-le-chef-detat-major-de-lanp-verse-dans-le-deni-de-realite","status":"publish","type":"post","link":"https:\/\/linitiative.ca\/International\/propositions-de-sortie-de-crise-le-chef-detat-major-de-lanp-verse-dans-le-deni-de-realite\/","title":{"rendered":"Propositions de sortie de crise : Le chef d\u2019\u00e9tat-major de l\u2019ANP verse dans le d\u00e9ni de r\u00e9alit\u00e9"},"content":{"rendered":"<h4 class=\"title-14\"\/>\n<p class=\"p3\"><span class=\"s2\"><strong>L<\/strong><\/span>e chef d\u2019\u00e9tat-major de l\u2019arm\u00e9e, Ahmed Ga\u00efd Salah, qui s\u2019exprim\u00e9, hier \u00e0 Ouargla, sur la situation politique apr\u00e8s deux semaines de silence, a vers\u00e9 dans le d\u00e9ni de r\u00e9alit\u00e9 au sujet de l\u2019implication des partis de l\u2019opposition et de personnalit\u00e9s nationales dans la recherche des solutions \u00e0 la crise politique.<\/p>\n<p class=\"p3\">\u00ab<em>Nous nous interrogeons sur l\u2019absence flagrante des personnalit\u00e9s nationales, des \u00e9lites et des comp\u00e9tences nationales face aux \u00e9v\u00e9nements et \u00e9volutions acc\u00e9l\u00e9r\u00e9s que conna\u00eet notre pays et qui requi\u00e8rent des propositions constructives \u00e0 m\u00eame de rapprocher les points de vue divergents\u00bb,<\/em> a affirm\u00e9 Ahmed Ga\u00efd Salah, dans une allocution prononc\u00e9e en marge d\u2019une visite de travail \u00e0 la 4<sup>e<\/sup> R\u00e9gion militaire.<\/p>\n<p class=\"p4\">Cette d\u00e9claration contredit la r\u00e9alit\u00e9. Depuis du d\u00e9but du mouvement populaire le 22 f\u00e9vrier, les propositions de sortie de crise, formul\u00e9es par des partis de l\u2019opposition, des personnalit\u00e9s nationales ou des repr\u00e9sentants de la soci\u00e9t\u00e9 civile, se sont multipli\u00e9es.<\/p>\n<p class=\"p4\">La derni\u00e8re initiative est l\u2019appel lanc\u00e9 samedi dernier par Ahmed Taleb Ibrahimi, Ali Yahia Abdennour et Rachid Benyelles. Les trois personnalit\u00e9s ont appel\u00e9 l\u2019arm\u00e9e \u00e0 nouer \u00ab<em>un dialogue franc et honn\u00eate<\/em>\u00bb avec des figures repr\u00e9sentatives du mouvement citoyen, des partis et des forces politiques et sociales \u00ab<em>afin de trouver au plus vite une solution politique consensuelle<\/em>\u00bb.<\/p>\n<p class=\"p4\">Du c\u00f4t\u00e9 de la soci\u00e9t\u00e9 civile, on peut citer l\u2019initiative du Collectif de la soci\u00e9t\u00e9 civile alg\u00e9rienne pour une transition d\u00e9mocratique et pacifique, qui propose la mise en place d\u2019un <em>\u00abhaut comit\u00e9 de transition\u00bb<\/em> qui aura \u00e0 <em>\u00abincarner l\u2019Etat\u00bb<\/em> et un <em>\u00abgouvernement national de transition\u00bb.<\/em> Ce Collectif, qui regroupe une trentaine d\u2019associations, avait appel\u00e9 \u00e0 l\u2019ouverture d\u2019un dialogue entre le pouvoir politique et l\u2019ensemble des acteurs de la soci\u00e9t\u00e9 civile et la classe politique.<\/p>\n<p class=\"p4\">Pour leur part, les formations politiques ont formul\u00e9 leurs propres plans de sortie de crise. Except\u00e9es de rares propositions qui sugg\u00e8rent d\u2019aller vers la mise en place de comit\u00e9s populaires et d\u2019une Assembl\u00e9e constituante, les propositions de la majorit\u00e9 des partis convergent vers l\u2019organisation d\u2019une p\u00e9riode transition de courte dur\u00e9e.<\/p>\n<div class=\"yuzo_related_post style-1\" data-version=\"5.12.88\">\n<p><h3>Related Post<\/h3>\n<\/p>\n<div class=\"yuzo_wraps\">\n<div class=\"relatedthumb relatedpost-560805 c11\"><a href=\"https:\/\/www.elwatan.com\/edition\/actualite\/la-colere-gagne-les-centres-universitaires-a-tipasa-27-02-2019\"\/><\/p>\n<p><span class=\"yuzo__text--title c10\">La col\u00e8re gagne les centres universitaires \u00e0 Tipas&#8230;<\/span><\/div>\n<div class=\"relatedthumb relatedpost-563078 c11\"><a href=\"https:\/\/www.elwatan.com\/regions\/ouest\/chlef\/aeroport-international-de-chlef-le-changement-des-horaires-des-vols-decrie-par-les-passagers-10-03-2019\"\/><\/p>\n<p><span class=\"yuzo__text--title c10\">A\u00e9roport international de Chlef : Le changement d&#8230;<\/span><\/div>\n<div class=\"relatedthumb relatedpost-568668 c11\"><a href=\"https:\/\/www.elwatan.com\/regions\/est\/constantine\/les-habitants-ferment-le-siege-de-la-mairie-09-04-2019\"\/><\/p>\n<p><span class=\"yuzo__text--title c10\">Col\u00e8re \u00e0 Ouled Rahmoune (Constantine) : Les habita&#8230;<\/span><\/div>\n<div class=\"relatedthumb relatedpost-505208 c11\"><a href=\"https:\/\/www.elwatan.com\/regions\/sud\/actu-sud\/70-logements-attribues-aux-enseignants-chercheurs-2-08-03-2016\"\/><\/p>\n<p><span class=\"yuzo__text--title c10\">70 logements attribu\u00e9s aux enseignants-chercheurs<\/span><\/div>\n<\/div>\n<\/div>\n<p><span class=\"post-views-label\">Post Views:<\/span> <span class=\"post-views-count\">1\u00a0080<\/span><\/p>\n<p>Auteur: Hicham Chouadria<br \/>\n<a href=\"https:\/\/www.elwatan.com\/edition\/actualite\/propositions-de-sortie-de-crise-le-chef-detat-major-de-lanp-verse-dans-le-deni-de-realite-21-05-2019\">Cliquez ici pour lire l&rsquo;article depuis sa source.<\/a><\/p>\n","protected":false},"excerpt":{"rendered":"<p>Le chef d\u2019\u00e9tat-major de l\u2019arm\u00e9e, Ahmed Ga\u00efd Salah, qui s\u2019exprim\u00e9, hier \u00e0 Ouargla, sur la situation politique apr\u00e8s deux semaines de silence, a vers\u00e9 dans le d\u00e9ni de r\u00e9alit\u00e9 au sujet de l\u2019implication des partis de l\u2019opposition et de personnalit\u00e9s nationales dans la recherche des solutions \u00e0 la crise politique. \u00abNous nous interrogeons sur l\u2019absence [&hellip;]<\/p>\n","protected":false},"author":1743,"featured_media":0,"comment_status":"closed","ping_status":"closed","sticky":false,"template":"","format":"standard","meta":{"fifu_image_url":"","fifu_image_alt":"","footnotes":""},"categories":[73,53],"tags":[],"class_list":["post-35819","post","type-post","status-publish","format-standard","hentry","category-actualite","category-algerie"],"_links":{"self":[{"href":"https:\/\/linitiative.ca\/International\/wp-json\/wp\/v2\/posts\/35819","targetHints":{"allow":["GET"]}}],"collection":[{"href":"https:\/\/linitiative.ca\/International\/wp-json\/wp\/v2\/posts"}],"about":[{"href":"https:\/\/linitiative.ca\/International\/wp-json\/wp\/v2\/types\/post"}],"author":[{"embeddable":true,"href":"https:\/\/linitiative.ca\/International\/wp-json\/wp\/v2\/users\/1743"}],"replies":[{"embeddable":true,"href":"https:\/\/linitiative.ca\/International\/wp-json\/wp\/v2\/comments?post=35819"}],"version-history":[{"count":0,"href":"https:\/\/linitiative.ca\/International\/wp-json\/wp\/v2\/posts\/35819\/revisions"}],"wp:attachment":[{"href":"https:\/\/linitiative.ca\/International\/wp-json\/wp\/v2\/media?parent=35819"}],"wp:term":[{"taxonomy":"category","embeddable":true,"href":"https:\/\/linitiative.ca\/International\/wp-json\/wp\/v2\/categories?post=35819"},{"taxonomy":"post_tag","embeddable":true,"href":"https:\/\/linitiative.ca\/International\/wp-json\/wp\/v2\/tags?post=35819"}],"curies":[{"name":"wp","href":"https:\/\/api.w.org\/{rel}","templated":true}]}}