{"id":35820,"date":"2019-05-21T17:04:11","date_gmt":"2019-05-21T21:04:11","guid":{"rendered":"https:\/\/linitiative.ca\/International\/mises-en-garde-et-accusations\/"},"modified":"2019-05-21T17:04:11","modified_gmt":"2019-05-21T21:04:11","slug":"mises-en-garde-et-accusations","status":"publish","type":"post","link":"https:\/\/linitiative.ca\/International\/mises-en-garde-et-accusations\/","title":{"rendered":"Mises en garde et accusations"},"content":{"rendered":"<h4 class=\"title-14\"\/>\n<div class=\"featured_image\"><img width=\"800\" height=\"534\" data-cfsrc=\"https:\/\/www.elwatan.com\/wp-content\/uploads\/2019\/04\/Gaid-col-mdn-e1554941795708.jpg\" class=\"attachment-post-thumbnail size-post-thumbnail wp-post-image c1\" alt=\"\"\/><noscript><\/p>\n<p><img loading=\"lazy\" decoding=\"async\" width=\"800\" height=\"534\" src=\"https:\/\/www.elwatan.com\/wp-content\/uploads\/2019\/04\/Gaid-col-mdn-e1554941795708.jpg\" class=\"attachment-post-thumbnail size-post-thumbnail wp-post-image\" alt=\"\"\/><\/p>\n<p><\/noscript> <span class=\"featured-image-caption\">Le chef d\u2019\u00e9tat-major Ahmed Ga\u00efd Salah (photo : MDN)<\/span><\/div>\n<p class=\"p1\"><span class=\"s1\"><strong>G<\/strong><\/span>a\u00efd Salah appelle les manifestants \u00e0 faire preuve d\u2019un meilleur encadrement du <em>\u00abmouvement\u00bb,<\/em> \u00e0 revoir la mani\u00e8re d\u2019organiser ses marches et surtout \u00e0 formuler des slogans et des revendications <em>\u00abraisonnables\u00bb.<\/em><\/p>\n<p class=\"p1\">Il pr\u00e9f\u00e8re, dit-il, que les marches soient caract\u00e9ris\u00e9es par <em>\u00abun niveau raisonnable et suffisant d\u2019organisation et d\u2019encadrement pour faire \u00e9merger de vrais repr\u00e9sentants qui se distinguent par leur sinc\u00e9rit\u00e9 et int\u00e9grit\u00e9 pour transmettre les revendications l\u00e9gitimes de ces marches\u00bb.<\/em><\/p>\n<p class=\"p2\">Ga\u00efd Salah craint, dit-il en outre, l\u2019infiltration et le recours \u00e0 l\u2019anarchie\u00a0! <em>\u00abL\u2019organisation des marches \u00e9vitera toute forme d\u2019anarchie et de tomber dans le pi\u00e8ge de l\u2019infiltration par des individus ayant\u00a0des plans suspects, qui utilisent ses manifestations comme un portail pour scander leurs slogans et brandir leurs banni\u00e8res et une passerelle pour transmettre certaines revendications irrationnelles, telle que l\u2019exigence du d\u00e9part collectif de tous les cadres de l\u2019Etat, sous pr\u00e9texte qu\u2019ils repr\u00e9sentent les symboles du syst\u00e8me\u00bb<\/em>, note-t-il. Pour lui, cette revendication n\u2019est pas seulement objective, mais irraisonnable, voire dangereuse et malveillante, car elle vise, dit-il, \u00e0 d\u00e9poss\u00e9der les institutions de l\u2019Etat de leurs cadres et de les d\u00e9nigrer.<\/p>\n<p class=\"p2\"><em>\u00abCes cadres ont eu le m\u00e9rite de servir leur pays \u00e0 tous les niveaux, avec int\u00e9grit\u00e9 et d\u00e9vouement, et nul n\u2019a le droit de se substituer \u00e0 la justice en leur prof\u00e9rant des accusations et en r\u00e9clamant leur d\u00e9part\u00bb<\/em>, affirme Ga\u00efd Salah, qui pense que <em>\u00able but de ces instigateurs et ceux qui gravitent autour d\u2019eux est de barrer la route \u00e0 toutes les solutions possibles et de plonger le pays dans une impasse politique pr\u00e9m\u00e9dit\u00e9e afin d\u2019atteindre leur objectif d\u2019entra\u00eener le pays vers le vide constitutionnel\u00bb<\/em>.<\/p>\n<p class=\"p2\">Par ailleurs, Ga\u00efd Salah a indirectement signifi\u00e9 une fin de non-recevoir \u00e0 l\u2019appel lanc\u00e9 par le trio Ahmed Taleb Ibrahimi, Ali Yahia Abdennour et Rachid Benyelles, pour un <em>\u00abdialogue franc et honn\u00eate\u00bb<\/em> entre le commandement de l\u2019ANP et des <em>\u00abfigures repr\u00e9sentatives\u00bb<\/em> du mouvement.<\/p>\n<p class=\"p2\">La preuve est son appel \u00e0 la n\u00e9cessit\u00e9 d\u2019organiser et d\u2019encadrer les marches <em>\u00abpar des personnes ayant un esprit nationaliste responsable, qui craignent Allah quand il s\u2019agit de leur peuple, leur patrie et les institutions de leur Etat, et \u0153uvrent \u00e0 transmettre les revendications populaires dans le cadre d\u2019un dialogue s\u00e9rieux et constructif avec les institutions de l\u2019Etat, prenant en consid\u00e9ration les revendications r\u00e9alis\u00e9es jusqu\u2019\u00e0 pr\u00e9sent, gr\u00e2ce \u00e0 l\u2019accompagnement permanent de l\u2019Arm\u00e9e nationale populaire, qui s\u2019est engag\u00e9e \u00e0 ne pas \u00eatre partie prenante \u00e0 ce dialogue escompt\u00e9\u00bb.<\/em><\/p>\n<div class=\"yuzo_related_post style-1\" data-version=\"5.12.88\">\n<p><h3>Related Post<\/h3>\n<\/p>\n<div class=\"yuzo_wraps\">\n<div class=\"relatedthumb relatedpost-573865 c11\"><a href=\"https:\/\/www.elwatan.com\/edition\/actualite\/tous-les-moyens-sont-bons-pour-casser-le-mouvement-populaire-26-04-2019\"\/><\/p>\n<p><span class=\"yuzo__text--title c10\">Tous les moyens sont bons pour casser le mouvement&#8230;<\/span><\/div>\n<div class=\"relatedthumb relatedpost-554689 c11\"><a href=\"https:\/\/www.elwatan.com\/edition\/actualite\/decouvertes-de-ain-boucherit-un-specialise-francais-defend-mohamed-sahnoun-23-01-2019\"\/><\/p>\n<p><span class=\"yuzo__text--title c10\">D\u00e9couvertes de A\u00efn Boucherit :\u00a0Un sp\u00e9cialise fran\u00e7&#8230;<\/span><\/div>\n<div class=\"relatedthumb relatedpost-579212 c11\"><a href=\"https:\/\/www.elwatan.com\/regions\/ouest\/oran\/nouvelles-doran-269-18-05-2019\"\/><\/p>\n<p><span class=\"yuzo__text--title c10\">Nouvelles d\u2019Oran<\/span><\/div>\n<div class=\"relatedthumb relatedpost-554992 c11\"><a href=\"https:\/\/www.elwatan.com\/edition\/actualite\/eventualite-de-la-suppression-des-visas-entre-lalgerie-et-la-russie-25-01-2019\"\/><\/p>\n<p><span class=\"yuzo__text--title c10\">Eventualit\u00e9 de la suppression des visas entre l\u2019Al&#8230;<\/span><\/div>\n<\/div>\n<\/div>\n<p><span class=\"post-views-label\">Post Views:<\/span> <span class=\"post-views-count\">1\u00a0012<\/span><\/p>\n<p>Auteur: Hicham Chouadria<br \/>\n<a href=\"https:\/\/www.elwatan.com\/edition\/actualite\/mises-en-garde-et-accusations-21-05-2019\">Cliquez ici pour lire l&rsquo;article depuis sa source.<\/a><\/p>\n","protected":false},"excerpt":{"rendered":"<p>Le chef d\u2019\u00e9tat-major Ahmed Ga\u00efd Salah (photo : MDN) Ga\u00efd Salah appelle les manifestants \u00e0 faire preuve d\u2019un meilleur encadrement du \u00abmouvement\u00bb, \u00e0 revoir la mani\u00e8re d\u2019organiser ses marches et surtout \u00e0 formuler des slogans et des revendications \u00abraisonnables\u00bb. Il pr\u00e9f\u00e8re, dit-il, que les marches soient caract\u00e9ris\u00e9es par \u00abun niveau raisonnable et suffisant d\u2019organisation et [&hellip;]<\/p>\n","protected":false},"author":1743,"featured_media":35821,"comment_status":"closed","ping_status":"closed","sticky":false,"template":"","format":"standard","meta":{"fifu_image_url":"","fifu_image_alt":"","footnotes":""},"categories":[73,53],"tags":[],"class_list":["post-35820","post","type-post","status-publish","format-standard","has-post-thumbnail","hentry","category-actualite","category-algerie"],"_links":{"self":[{"href":"https:\/\/linitiative.ca\/International\/wp-json\/wp\/v2\/posts\/35820","targetHints":{"allow":["GET"]}}],"collection":[{"href":"https:\/\/linitiative.ca\/International\/wp-json\/wp\/v2\/posts"}],"about":[{"href":"https:\/\/linitiative.ca\/International\/wp-json\/wp\/v2\/types\/post"}],"author":[{"embeddable":true,"href":"https:\/\/linitiative.ca\/International\/wp-json\/wp\/v2\/users\/1743"}],"replies":[{"embeddable":true,"href":"https:\/\/linitiative.ca\/International\/wp-json\/wp\/v2\/comments?post=35820"}],"version-history":[{"count":0,"href":"https:\/\/linitiative.ca\/International\/wp-json\/wp\/v2\/posts\/35820\/revisions"}],"wp:featuredmedia":[{"embeddable":true,"href":"https:\/\/linitiative.ca\/International\/wp-json\/"}],"wp:attachment":[{"href":"https:\/\/linitiative.ca\/International\/wp-json\/wp\/v2\/media?parent=35820"}],"wp:term":[{"taxonomy":"category","embeddable":true,"href":"https:\/\/linitiative.ca\/International\/wp-json\/wp\/v2\/categories?post=35820"},{"taxonomy":"post_tag","embeddable":true,"href":"https:\/\/linitiative.ca\/International\/wp-json\/wp\/v2\/tags?post=35820"}],"curies":[{"name":"wp","href":"https:\/\/api.w.org\/{rel}","templated":true}]}}