{"id":35822,"date":"2019-05-21T17:04:15","date_gmt":"2019-05-21T21:04:15","guid":{"rendered":"https:\/\/linitiative.ca\/International\/la-transition-politique-de-plus-en-plus-incertaine-gaid-salah-veut-imposer-la-presidentielle\/"},"modified":"2019-05-21T17:04:15","modified_gmt":"2019-05-21T21:04:15","slug":"la-transition-politique-de-plus-en-plus-incertaine-gaid-salah-veut-imposer-la-presidentielle","status":"publish","type":"post","link":"https:\/\/linitiative.ca\/International\/la-transition-politique-de-plus-en-plus-incertaine-gaid-salah-veut-imposer-la-presidentielle\/","title":{"rendered":"La transition politique de plus en plus incertaine : Ga\u00efd Salah veut imposer la pr\u00e9sidentielle"},"content":{"rendered":"<h4 class=\"title-14\"\/>\n<div class=\"featured_image\"><img width=\"875\" height=\"745\" data-cfsrc=\"https:\/\/www.elwatan.com\/wp-content\/uploads\/2019\/05\/gaid-3-e1558395678885.jpg\" class=\"attachment-post-thumbnail size-post-thumbnail wp-post-image c1\" alt=\"\" srcset=\"https:\/\/www.elwatan.com\/wp-content\/uploads\/2019\/05\/gaid-3-e1558395678885.jpg 875w, https:\/\/www.elwatan.com\/wp-content\/uploads\/2019\/05\/gaid-3-e1558395678885-300x255.jpg 300w, https:\/\/www.elwatan.com\/wp-content\/uploads\/2019\/05\/gaid-3-e1558395678885-768x654.jpg 768w\" sizes=\"(max-width: 875px) 100vw, 875px\"\/><noscript><\/p>\n<p><img loading=\"lazy\" decoding=\"async\" width=\"875\" height=\"745\" src=\"https:\/\/www.elwatan.com\/wp-content\/uploads\/2019\/05\/gaid-3-e1558395678885.jpg\" class=\"attachment-post-thumbnail size-post-thumbnail wp-post-image\" alt=\"\" srcset=\"https:\/\/www.elwatan.com\/wp-content\/uploads\/2019\/05\/gaid-3-e1558395678885.jpg 875w, https:\/\/www.elwatan.com\/wp-content\/uploads\/2019\/05\/gaid-3-e1558395678885-300x255.jpg 300w, https:\/\/www.elwatan.com\/wp-content\/uploads\/2019\/05\/gaid-3-e1558395678885-768x654.jpg 768w\" sizes=\"auto, (max-width: 875px) 100vw, 875px\"\/><\/p>\n<p><\/noscript> <span class=\"featured-image-caption\">Le chef d\u2019\u00e9tat-major de l\u2019ANP Ahmed Ga\u00efd Salah ( Photo : MDN )<\/span><\/div>\n<p class=\"p2\"><span class=\"s2\"><strong>L<\/strong><\/span>e chef d\u2019\u00e9tat-major de l\u2019ANP, Ahmed Ga\u00efd Salah, persiste et signe. Pas de solution politique \u00e0 la crise actuelle. Apr\u00e8s un silence de plus 15 jours, le vice-ministre de la D\u00e9fense nationale est revenu \u00e0 la charge pour insister sur la tenue de la pr\u00e9sidentielle le 4 juillet prochain afin, argue-t-il, <em>\u00abd\u2019\u00e9viter un vide constitutionnel\u00bb.<\/em><\/p>\n<p class=\"p2\">En effet, dans un discours prononc\u00e9, hier, devant les cadres de l\u2019ANP de la 4<sup>e<\/sup> R\u00e9gion militaire (Ouargla), Ahmed Ga\u00efd Salah s\u2019oppose cat\u00e9goriquement aux revendications du mouvement populaire qui rejette la pr\u00e9sidentielle, tout en r\u00e9clamant le d\u00e9part de tous les repr\u00e9sentants du syst\u00e8me.<\/p>\n<p class=\"p2\"><em>\u00abIl y a lieu d\u2019indiquer que la tenue de l\u2019\u00e9lection pr\u00e9sidentielle mettra un terme \u00e0 tous ceux qui tentent de faire perdurer cette crise\u00bb<\/em>, estime-t-il, avant d\u2019accuser <em>\u00abdes entit\u00e9s de vouloir imposer un vide constitutionnel\u00bb. \u00abEn somme, ceux qui veulent maintenir le pays dans l\u2019impasse sont des individus et des entit\u00e9s qui tentent sciemment de nous mener vers le vide constitutionnel avec tous les risques et menaces qu\u2019il peut comporter\u00bb,<\/em> soutient-il.<\/p>\n<p class=\"p2\">Et d\u2019ajouter\u00a0: <em>\u00abL\u2019impasse politique et le vide constitutionnel planifi\u00e9s de mani\u00e8re d\u00e9lib\u00e9r\u00e9e par ces entit\u00e9s repr\u00e9sentent un parcours aux cons\u00e9quences d\u00e9sastreuses sur les plans \u00e9conomique et social du pays, notamment dans le domaine des investissements et la pr\u00e9servation des postes d\u2019emploi et du pouvoir d\u2019achat des citoyens, voire sur tous les autres plans ayant un lien avec le processus de d\u00e9veloppement de mani\u00e8re g\u00e9n\u00e9rale. Il para\u00eet que certains sont d\u00e9rang\u00e9s de voir l\u2019Etat pr\u00e9server sa notori\u00e9t\u00e9 et que ses institutions continuent \u00e0 s\u2019acquitter normalement de leurs missions en d\u00e9pit de cette crise.\u00bb<\/em><\/p>\n<p class=\"p2\">Poursuivant sa plaidoirie pour la tenue de la pr\u00e9sidentielle, Ahmed Ga\u00efd Salah insiste sur l\u2019acc\u00e9l\u00e9ration du processus d\u2019installation de l\u2019instance ind\u00e9pendante d\u2019organisation des \u00e9lections\u00a0: <em>\u00abIl est certain que l\u2019\u00e9tape principale serait d\u2019acc\u00e9l\u00e9rer la cr\u00e9ation et l\u2019installation de l\u2019instance ind\u00e9pendante pour l\u2019organisation et la supervision des \u00e9lections.<\/em><\/p>\n<p class=\"p2\"><em>Nous attendons, dans ce cadre, l\u2019acc\u00e9l\u00e9ration de la prise des mesures ad\u00e9quates pour la mise en \u0153uvre de ce m\u00e9canisme constitutionnel, consid\u00e9r\u00e9 comme l\u2019outil juridique idoine pour pr\u00e9server la voix de l\u2019\u00e9lecteur et donner une cr\u00e9dibilit\u00e9 aux \u00e9lections.\u00bb<\/em><\/p>\n<p class=\"p2\">Mais le chef d\u2019\u00e9tat-major semble confondre la Haute instance ind\u00e9pendante de surveillance des \u00e9lections (HIISE) pr\u00e9vue par la Constitution et l\u2019Instance ind\u00e9pendante d\u2019organisation des \u00e9lections qui, elle, ne figure nullement dans la Loi fondamentale. Les r\u00e9dacteurs du discours d\u2019Ahmed Ga\u00efd Salah n\u2019ont-ils pas fait attention \u00e0 la diff\u00e9rence entre les deux instances\u00a0? Comment tenir au respect de la Constitution et ignorer son contenu\u00a0?<\/p>\n<p class=\"p2\">Toujours dans le cadre de son forcing pour la tenue de l\u2019\u00e9lection pr\u00e9sidentielle, le chef d\u2019\u00e9tat-major de l\u2019ANP estime que cette \u00e9ch\u00e9ance <em>\u00abpermettra d\u2019\u00e9viter de tomber dans le pi\u00e8ge du vide constitutionnel et tout ce qui s\u2019ensuivra comme dangers et d\u00e9rapages aux cons\u00e9quences d\u00e9sastreuses\u00bb. \u00abCe qui exige des enfants d\u00e9vou\u00e9s de l\u2019Alg\u00e9rie, jaloux de la notori\u00e9t\u00e9 de leur patrie et des int\u00e9r\u00eats de leur pays et de sa place parmi les nations, d\u2019adh\u00e9rer \u00e0 cette d\u00e9marche d\u00e9cisive pour l\u2019avenir du pays\u00bb<\/em>, ajoute-t-il.<\/p>\n<p class=\"p3\"><strong>\u00abAbsence des \u00e9lites et des personnalit\u00e9s\u00bb\u00a0?<\/strong><\/p>\n<p class=\"p2\">L\u2019autre incoh\u00e9rence dans l\u2019allocution d\u2019Ahmed Ga\u00efd Salah concerne la pr\u00e9tendue absence des personnalit\u00e9s nationales et des \u00e9lites face aux \u00e9v\u00e9nements. <em>\u00abNous nous interrogeons sur l\u2019absence flagrante des personnalit\u00e9s nationales, des \u00e9lites et des comp\u00e9tences nationales face aux \u00e9v\u00e9nements et \u00e9volutions acc\u00e9l\u00e9r\u00e9s que conna\u00eet notre pays et qui requi\u00e8rent des propositions constructives \u00e0 m\u00eame de rapprocher les points de vue divergents\u00bb,<\/em> d\u00e9clare-t-il, faisant mine d\u2019ignorer que la classe politique, le mouvement associatif et des personnalit\u00e9s ont d\u00e9j\u00e0 mis sur la table une panoplie de propositions.<\/p>\n<p class=\"p2\">Appel\u00e9, samedi dernier, par trois personnalit\u00e9s nationales\u00a0\u2013 Ali Yahia Abdennour, Ahmed Taleb Ibrahimi et Rachid Benyelles \u2013 \u00e0 ouvrir un dialogue franc et honn\u00eate avec les repr\u00e9sentants du mouvement, la classe politique et la soci\u00e9t\u00e9 civile, il leur r\u00e9pond indirectement en glissant une phrase dans son discours\u00a0: <em>\u00abL\u2019ANP s\u2019est engag\u00e9e \u00e0 ne pas \u00eatre partie prenante \u00e0 ce dialogue escompt\u00e9.\u00bb<\/em><\/p>\n<div class=\"yuzo_related_post style-1\" data-version=\"5.12.88\">\n<p><h3>Related Post<\/h3>\n<\/p>\n<div class=\"yuzo_wraps\">\n<div class=\"relatedthumb relatedpost-243808 c11\"><a href=\"https:\/\/www.elwatan.com\/pages-hebdo\/sup-eco\/contribution-le-mot-de-lavenir-12-11-2007\"\/><\/p>\n<p><span class=\"yuzo__text--title c10\">Contribution : Le mot de l\u2019avenir (*)<\/span><\/div>\n<div class=\"relatedthumb relatedpost-160942 c11\"><a href=\"https:\/\/www.elwatan.com\/pages-hebdo\/magazine\/objectif-redonner-a-lex-cesaree-son-lustre-dantan-15-11-2018\"\/><\/p>\n<p><span class=\"yuzo__text--title c10\">Objectif : Redonner \u00e0 l\u2019ex-C\u00e9sar\u00e9e son lustre d\u2019an&#8230;<\/span><\/div>\n<div class=\"relatedthumb relatedpost-153433 c11\"><a href=\"https:\/\/www.elwatan.com\/edition\/actualite\/la-crise-sinstalle-2-03-10-2018\"\/><\/p>\n<p><span class=\"yuzo__text--title c10\">La crise s\u2019installe\u2026<\/span><\/div>\n<div class=\"relatedthumb relatedpost-162972 c11\"><a href=\"https:\/\/www.elwatan.com\/edition\/economie\/le-maroc-la-tunisie-et-nous-27-11-2018\"\/><\/p>\n<p><span class=\"yuzo__text--title c10\">Le Maroc, la Tunisie et Nous<\/span><\/div>\n<\/div>\n<\/div>\n<p><span class=\"post-views-label\">Post Views:<\/span> <span class=\"post-views-count\">3\u00a0602<\/span><\/p>\n<p>Auteur: Hicham Chouadria<br \/>\n<a href=\"https:\/\/www.elwatan.com\/a-la-une\/la-transition-politique-de-plus-en-plus-incertaine-gaid-salah-veut-imposer-la-presidentielle-21-05-2019\">Cliquez ici pour lire l&rsquo;article depuis sa source.<\/a><\/p>\n","protected":false},"excerpt":{"rendered":"<p>Le chef d\u2019\u00e9tat-major de l\u2019ANP Ahmed Ga\u00efd Salah ( Photo : MDN ) Le chef d\u2019\u00e9tat-major de l\u2019ANP, Ahmed Ga\u00efd Salah, persiste et signe. Pas de solution politique \u00e0 la crise actuelle. Apr\u00e8s un silence de plus 15 jours, le vice-ministre de la D\u00e9fense nationale est revenu \u00e0 la charge pour insister sur la tenue [&hellip;]<\/p>\n","protected":false},"author":1743,"featured_media":35823,"comment_status":"closed","ping_status":"closed","sticky":false,"template":"","format":"standard","meta":{"fifu_image_url":"","fifu_image_alt":"","footnotes":""},"categories":[73,53],"tags":[],"class_list":["post-35822","post","type-post","status-publish","format-standard","has-post-thumbnail","hentry","category-actualite","category-algerie"],"_links":{"self":[{"href":"https:\/\/linitiative.ca\/International\/wp-json\/wp\/v2\/posts\/35822","targetHints":{"allow":["GET"]}}],"collection":[{"href":"https:\/\/linitiative.ca\/International\/wp-json\/wp\/v2\/posts"}],"about":[{"href":"https:\/\/linitiative.ca\/International\/wp-json\/wp\/v2\/types\/post"}],"author":[{"embeddable":true,"href":"https:\/\/linitiative.ca\/International\/wp-json\/wp\/v2\/users\/1743"}],"replies":[{"embeddable":true,"href":"https:\/\/linitiative.ca\/International\/wp-json\/wp\/v2\/comments?post=35822"}],"version-history":[{"count":0,"href":"https:\/\/linitiative.ca\/International\/wp-json\/wp\/v2\/posts\/35822\/revisions"}],"wp:featuredmedia":[{"embeddable":true,"href":"https:\/\/linitiative.ca\/International\/wp-json\/"}],"wp:attachment":[{"href":"https:\/\/linitiative.ca\/International\/wp-json\/wp\/v2\/media?parent=35822"}],"wp:term":[{"taxonomy":"category","embeddable":true,"href":"https:\/\/linitiative.ca\/International\/wp-json\/wp\/v2\/categories?post=35822"},{"taxonomy":"post_tag","embeddable":true,"href":"https:\/\/linitiative.ca\/International\/wp-json\/wp\/v2\/tags?post=35822"}],"curies":[{"name":"wp","href":"https:\/\/api.w.org\/{rel}","templated":true}]}}