{"id":35831,"date":"2019-05-21T15:08:47","date_gmt":"2019-05-21T19:08:47","guid":{"rendered":"https:\/\/linitiative.ca\/International\/tunisie-gafsa-un-enfant-de-cinq-ans-decede-dans-lincendie-de-la-maison-familiale\/"},"modified":"2019-05-21T15:08:47","modified_gmt":"2019-05-21T19:08:47","slug":"tunisie-gafsa-un-enfant-de-cinq-ans-decede-dans-lincendie-de-la-maison-familiale","status":"publish","type":"post","link":"https:\/\/linitiative.ca\/International\/tunisie-gafsa-un-enfant-de-cinq-ans-decede-dans-lincendie-de-la-maison-familiale\/","title":{"rendered":"Tunisie \u2013 Gafsa\u00a0: Un enfant de cinq ans d\u00e9c\u00e8de dans l\u2019incendie de la maison familiale"},"content":{"rendered":"<div class=\"post-cont-in left relative\">\n<p>Un enfant de cinq ans est d\u00e9c\u00e9d\u00e9 ce mardi apr\u00e8s midi,\u00a0au cours de\u00a0l\u2019incendie de la maison familiale dans la r\u00e9gion du Ksar \u00e0 Gafsa. Et ce, malgr\u00e9 l\u2019intervention des agents de la protection civile.<\/p>\n<p>Une enqu\u00eate a \u00e9t\u00e9 diligent\u00e9e pour d\u00e9terminer les circonstances et les causes exactes du sinistre.<\/p>\n<div class=\"code-block code-block-1 c3\"><ins class=\"adsbygoogle c2\" data-ad-layout=\"in-article\" data-ad-format=\"fluid\" data-ad-client=\"ca-pub-2102118777505746\" data-ad-slot=\"7301775417\"\/> <\/div>\n<div class=\"mvp-org-wrap mvp-org-logo\" itemprop=\"publisher\" itemscope=\"\" itemtype=\"https:\/\/schema.org\/Organization\"><img decoding=\"async\" src=\"https:\/\/www.tunisienumerique.com\/wp-content\/uploads\/2017\/02\/logo_tunisie_numerique.png\"\/><\/div>\n<div class=\"mvp-related-posts left relative\">\n<h4 class=\"post-header\"><span class=\"post-header\">Lire aussi<\/span><\/h4>\n<\/div>\n<\/div>\n<p>Auteur: LM<br \/>\n<a href=\"https:\/\/www.tunisienumerique.com\/tunisie-gafsa-un-enfant-de-cinq-ans-decede-dans-lincendie-de-la-maison-familiale\/\">Cliquez ici pour lire l&rsquo;article depuis sa source.<\/a><\/p>\n","protected":false},"excerpt":{"rendered":"<p>Un enfant de cinq ans est d\u00e9c\u00e9d\u00e9 ce mardi apr\u00e8s midi,\u00a0au cours de\u00a0l\u2019incendie de la maison familiale dans la r\u00e9gion du Ksar \u00e0 Gafsa. Et ce, malgr\u00e9 l\u2019intervention des agents de la protection civile. Une enqu\u00eate a \u00e9t\u00e9 diligent\u00e9e pour d\u00e9terminer les circonstances et les causes exactes du sinistre. Lire aussi Auteur: LM Cliquez ici [&hellip;]<\/p>\n","protected":false},"author":1789,"featured_media":35832,"comment_status":"closed","ping_status":"closed","sticky":false,"template":"","format":"standard","meta":{"fifu_image_url":"","fifu_image_alt":"","footnotes":""},"categories":[73,55],"tags":[],"class_list":["post-35831","post","type-post","status-publish","format-standard","has-post-thumbnail","hentry","category-actualite","category-tunisie"],"_links":{"self":[{"href":"https:\/\/linitiative.ca\/International\/wp-json\/wp\/v2\/posts\/35831","targetHints":{"allow":["GET"]}}],"collection":[{"href":"https:\/\/linitiative.ca\/International\/wp-json\/wp\/v2\/posts"}],"about":[{"href":"https:\/\/linitiative.ca\/International\/wp-json\/wp\/v2\/types\/post"}],"author":[{"embeddable":true,"href":"https:\/\/linitiative.ca\/International\/wp-json\/wp\/v2\/users\/1789"}],"replies":[{"embeddable":true,"href":"https:\/\/linitiative.ca\/International\/wp-json\/wp\/v2\/comments?post=35831"}],"version-history":[{"count":0,"href":"https:\/\/linitiative.ca\/International\/wp-json\/wp\/v2\/posts\/35831\/revisions"}],"wp:featuredmedia":[{"embeddable":true,"href":"https:\/\/linitiative.ca\/International\/wp-json\/"}],"wp:attachment":[{"href":"https:\/\/linitiative.ca\/International\/wp-json\/wp\/v2\/media?parent=35831"}],"wp:term":[{"taxonomy":"category","embeddable":true,"href":"https:\/\/linitiative.ca\/International\/wp-json\/wp\/v2\/categories?post=35831"},{"taxonomy":"post_tag","embeddable":true,"href":"https:\/\/linitiative.ca\/International\/wp-json\/wp\/v2\/tags?post=35831"}],"curies":[{"name":"wp","href":"https:\/\/api.w.org\/{rel}","templated":true}]}}