{"id":35833,"date":"2019-05-21T14:37:12","date_gmt":"2019-05-21T18:37:12","guid":{"rendered":"https:\/\/linitiative.ca\/International\/prevention-des-conflits-communautaires-au-sahel\/"},"modified":"2019-05-21T14:37:12","modified_gmt":"2019-05-21T18:37:12","slug":"prevention-des-conflits-communautaires-au-sahel","status":"publish","type":"post","link":"https:\/\/linitiative.ca\/International\/prevention-des-conflits-communautaires-au-sahel\/","title":{"rendered":"Pr\u00e9vention des conflits communautaires au Sahel"},"content":{"rendered":"<div class=\"td-post-featured-image\"><a href=\"https:\/\/i0.wp.com\/www.sidwaya.info\/wp-content\/uploads\/2019\/05\/sahelsid22.jpg?fit=787%2C348&#038;ssl=1\" data-caption=\"\"><img loading=\"lazy\" decoding=\"async\" width=\"696\" height=\"308\" class=\"entry-thumb td-modal-image\" src=\"https:\/\/i0.wp.com\/www.sidwaya.info\/wp-content\/uploads\/2019\/05\/sahelsid22.jpg?resize=696%2C308&#038;ssl=1\" srcset=\"https:\/\/i0.wp.com\/www.sidwaya.info\/wp-content\/uploads\/2019\/05\/sahelsid22.jpg?w=787&#038;ssl=1 787w, https:\/\/i0.wp.com\/www.sidwaya.info\/wp-content\/uploads\/2019\/05\/sahelsid22.jpg?resize=300%2C133&#038;ssl=1 300w, https:\/\/i0.wp.com\/www.sidwaya.info\/wp-content\/uploads\/2019\/05\/sahelsid22.jpg?resize=768%2C340&#038;ssl=1 768w, https:\/\/i0.wp.com\/www.sidwaya.info\/wp-content\/uploads\/2019\/05\/sahelsid22.jpg?resize=696%2C308&#038;ssl=1 696w\" sizes=\"auto, (max-width: 696px) 100vw, 696px\" alt=\"\" title=\"sahelsid22\"\/><\/a><\/div>\n<div class=\"td-a-rec td-a-rec-id-content_top td_uid_30_5ce471260c42b_rand td_block_template_1\"><img loading=\"lazy\" decoding=\"async\" class=\"aligncenter size-full wp-image-4463\" src=\"https:\/\/www.sidwaya.info\/wp-content\/uploads\/2019\/02\/FESPACO-TOUR-2019-Bannie%CC%80re-728x90-1.jpg\" alt=\"\" width=\"728\" height=\"90\"\/><\/div>\n<p><strong>L\u2019ONG Equal Access international Burkina Faso en collaboration avec l\u2019ONG A2N a organis\u00e9, les 7 et 8 mai 2019 \u00e0 Dori, \u00e0 travers son projet \u00abVoix de paix\u00bb, un forum r\u00e9gional sur la coh\u00e9sion sociale et la cohabitation pacifique<\/strong><\/p>\n<p>C\u2019est sous le th\u00e8me\u00a0: \u00abCoh\u00e9sion sociale et renforcement de l\u2019unit\u00e9 nationale et sous r\u00e9gionale dans un contexte d\u2019extr\u00e9misme violent\u00bb, que l\u2019ONG Equal Access international Burkina Faso, \u00e0 travers son projet, \u00abVoix de paix\u00bb, a organis\u00e9, le forum r\u00e9gional sur la coh\u00e9sion sociale et la cohabitation pacifique les 7 et 8 mai 2019 \u00e0 Dori. Pour ce faire, les 25 participants venus du Burkina Faso, du Mali et du Niger ont eu droit \u00e0 plusieurs communications. Il s\u2019agit, entre autres, de l\u2019instrumentalisation des communaut\u00e9s, la parent\u00e9 \u00e0 plaisanterie comme syst\u00e8me de r\u00e9solution des conflits, la typologie des conflits et du partage d\u2019exp\u00e9riences entre les participants du Burkina Faso, du Mali et du Niger.<br \/>Le directeur pays de l\u2019ONG Equal Access international Burkina Faso, Lamoussa Robgo, a fait savoir que depuis quelques mois, il y a un effritement du tissu social, avec notamment les \u00e9v\u00e9nements de Yirgou et d\u2019Arbinda. \u00abEn tant que Voix de paix travaillant dans le cadre de la promotion de la coh\u00e9sion sociale, on s\u2019est dit qu\u2019il \u00e9tait important de r\u00e9unir les autorit\u00e9s nationales, locales, les responsables d\u2019OSC ainsi que les leaders coutumiers et religieux pour r\u00e9fl\u00e9chir \u00e0 cette probl\u00e9matique\u00bb, a expliqu\u00e9 M. Robgo. Selon lui, au regard de l\u2019expertise, de l\u2019exp\u00e9rience et de la notori\u00e9t\u00e9 des participants, la rencontre ax\u00e9e sur la coh\u00e9sion sociale, l\u2019unit\u00e9 nationale et sous-r\u00e9gionale, devrait asseoir les bases d\u2019un retour aux valeurs culturelles et historiques de coexistence pacifique.<br \/>Pour la ministre d\u00e9l\u00e9gu\u00e9e charg\u00e9e de la d\u00e9centralisation et de la coh\u00e9sion sociale, Madiara Sagnon, la question de la paix et de la coh\u00e9sion sociale est plus que d\u2019actualit\u00e9 au regard de la mont\u00e9e du terrorisme et des conflits sociaux aux cons\u00e9quences souvent d\u00e9sastreuses. En effet, a-t-elle poursuivi, le Burkina Faso et particuli\u00e8rement la r\u00e9gion du Sahel est de plus en plus en proie \u00e0 des conflits opposants plusieurs groupes sociaux qui, jadis, vivaient en parfaite symbiose. Elle a, en outre, ajout\u00e9 que cette d\u00e9gradation des relations sociales s\u2019est exacerb\u00e9e avec l\u2019av\u00e8nement de groupes terroristes qui instrumentalisent certains groupuscules ethniques, religieux contre d\u2019autres groupes \u00e0 des fins inavou\u00e9es. \u00abFace aux d\u00e9fis s\u00e9curitaires qui se pr\u00e9sentent \u00e0 nous, il devient imp\u00e9rieux pour nos Etats, notamment les autorit\u00e9s locales et les personnes de ressources repr\u00e9sentant les diff\u00e9rentes communaut\u00e9s, de mettre en synergie les efforts afin d\u2019apporter des r\u00e9ponses idoines aux probl\u00e8mes de coexistence pacifique entre communaut\u00e9s\u00bb, a sugger\u00e9 la ministre. C\u2019est pourquoi, elle a salu\u00e9 l\u2019initiative de Equal Access international \u00e0 travers son projet \u00abVoix de paix\u00bb et de l\u2019ONG A2N qui ont d\u00e9cid\u00e9 de s\u2019unir pour l\u2019organisation de cette rencontre \u00e0 dimension sous r\u00e9gionale.<\/p>\n<p>L\u2019engagement des participants<\/p>\n<p>A propos des perspectives apr\u00e8s la tenue du forum, Lamoussa Robgo a souhait\u00e9 que les participants puissent prendre un engagement qui les am\u00e8ne \u00e0 s\u2019investir dor\u00e9navant dans la pr\u00e9vention des conflits et la r\u00e9solution des probl\u00e8mes intercommunautaires. Il a en plus \u00e9mis le v\u0153u de voir toutes les recommandations issues du forum formalis\u00e9es dans un cadre pour leur mise en \u0153uvre. \u00abNous allons cr\u00e9er toutes les conditions pour que le cadre qui sera mis en place puisse travailler d\u2019abord au niveau du Burkina Faso pour la pr\u00e9vention et la promotion de la coh\u00e9sion sociale\u00bb, a-t-il dit. Et d\u2019esp\u00e9rer que le cadre travaillera avec ceux du Mali et du Niger qui ont d\u00e9j\u00e0 une exp\u00e9rience en la mati\u00e8re. Concernant l\u2019espace Liptako N\u2019Gourma, M. Robgo a \u00e9mis l\u2019id\u00e9e d\u2019une f\u00e9d\u00e9ration en vue de r\u00e9soudre les conflits qui sont v\u00e9cus de part et d\u2019autre des fronti\u00e8res.<br \/>Le projet \u00abVoix de paix\u00bb lanc\u00e9 en 2016 au Burkina Faso, Mali, Niger, Cameroun et au Tchad est une initiative de renforcement de la communication en s\u2019appuyant sur les m\u00e9dias traditionnels et les nouveaux m\u00e9dias pour promouvoir la d\u00e9mocratie, les droits humains, la bonne gouvernance et la coh\u00e9sion sociale. Il s\u2019agit de renforcer les discours positifs dans les diff\u00e9rentes communaut\u00e9s, mais aussi de favoriser le dialogue entre tous les acteurs afin d\u2019accr\u00eeitre la r\u00e9silience des populations face \u00e0 l\u2019extr\u00e9misme violent.<\/p>\n<p>Souaibou NOMBRE<br \/>Snombre29@yahoo.fr<\/p>\n<div class=\"td-a-rec td-a-rec-id-content_bottom td_uid_31_5ce471260c5d6_rand td_block_template_1\"><img loading=\"lazy\" decoding=\"async\" class=\"alignright size-full wp-image-1724\" src=\"https:\/\/www.sidwaya.info\/wp-content\/uploads\/2018\/12\/sidwaya-pub.jpg\" alt=\"\" width=\"720\" height=\"90\"\/><\/div>\n<p>Auteur: BM. Sidwaya<br \/>\n<a href=\"https:\/\/www.sidwaya.info\/blog\/2019\/05\/21\/prevention-des-conflits-communautaires-au-sahel\/\">Cliquez ici pour lire l&rsquo;article depuis sa source.<\/a><\/p>\n","protected":false},"excerpt":{"rendered":"<p>L\u2019ONG Equal Access international Burkina Faso en collaboration avec l\u2019ONG A2N a organis\u00e9, les 7 et 8 mai 2019 \u00e0 Dori, \u00e0 travers son projet \u00abVoix de paix\u00bb, un forum r\u00e9gional sur la coh\u00e9sion sociale et la cohabitation pacifique C\u2019est sous le th\u00e8me\u00a0: \u00abCoh\u00e9sion sociale et renforcement de l\u2019unit\u00e9 nationale et sous r\u00e9gionale dans un [&hellip;]<\/p>\n","protected":false},"author":1816,"featured_media":0,"comment_status":"closed","ping_status":"closed","sticky":false,"template":"","format":"standard","meta":{"fifu_image_url":"","fifu_image_alt":"","footnotes":""},"categories":[73,81],"tags":[],"class_list":["post-35833","post","type-post","status-publish","format-standard","hentry","category-actualite","category-burkina-faso"],"_links":{"self":[{"href":"https:\/\/linitiative.ca\/International\/wp-json\/wp\/v2\/posts\/35833","targetHints":{"allow":["GET"]}}],"collection":[{"href":"https:\/\/linitiative.ca\/International\/wp-json\/wp\/v2\/posts"}],"about":[{"href":"https:\/\/linitiative.ca\/International\/wp-json\/wp\/v2\/types\/post"}],"author":[{"embeddable":true,"href":"https:\/\/linitiative.ca\/International\/wp-json\/wp\/v2\/users\/1816"}],"replies":[{"embeddable":true,"href":"https:\/\/linitiative.ca\/International\/wp-json\/wp\/v2\/comments?post=35833"}],"version-history":[{"count":0,"href":"https:\/\/linitiative.ca\/International\/wp-json\/wp\/v2\/posts\/35833\/revisions"}],"wp:attachment":[{"href":"https:\/\/linitiative.ca\/International\/wp-json\/wp\/v2\/media?parent=35833"}],"wp:term":[{"taxonomy":"category","embeddable":true,"href":"https:\/\/linitiative.ca\/International\/wp-json\/wp\/v2\/categories?post=35833"},{"taxonomy":"post_tag","embeddable":true,"href":"https:\/\/linitiative.ca\/International\/wp-json\/wp\/v2\/tags?post=35833"}],"curies":[{"name":"wp","href":"https:\/\/api.w.org\/{rel}","templated":true}]}}