{"id":35835,"date":"2019-05-21T15:07:39","date_gmt":"2019-05-21T19:07:39","guid":{"rendered":"https:\/\/linitiative.ca\/International\/surveillance-epidemiologique-dans-lespace-cedeao\/"},"modified":"2019-05-21T15:07:39","modified_gmt":"2019-05-21T19:07:39","slug":"surveillance-epidemiologique-dans-lespace-cedeao","status":"publish","type":"post","link":"https:\/\/linitiative.ca\/International\/surveillance-epidemiologique-dans-lespace-cedeao\/","title":{"rendered":"Surveillance \u00e9pid\u00e9miologique dans l\u2019espace CEDEAO"},"content":{"rendered":"<div class=\"td-post-featured-image\"><a href=\"https:\/\/i1.wp.com\/www.sidwaya.info\/wp-content\/uploads\/2019\/05\/reprministre.jpg?fit=787%2C525&#038;ssl=1\" data-caption=\"\"><img loading=\"lazy\" decoding=\"async\" width=\"696\" height=\"464\" class=\"entry-thumb td-modal-image\" src=\"https:\/\/i1.wp.com\/www.sidwaya.info\/wp-content\/uploads\/2019\/05\/reprministre.jpg?resize=696%2C464&#038;ssl=1\" srcset=\"https:\/\/i1.wp.com\/www.sidwaya.info\/wp-content\/uploads\/2019\/05\/reprministre.jpg?w=787&#038;ssl=1 787w, https:\/\/i1.wp.com\/www.sidwaya.info\/wp-content\/uploads\/2019\/05\/reprministre.jpg?resize=300%2C200&#038;ssl=1 300w, https:\/\/i1.wp.com\/www.sidwaya.info\/wp-content\/uploads\/2019\/05\/reprministre.jpg?resize=768%2C512&#038;ssl=1 768w, https:\/\/i1.wp.com\/www.sidwaya.info\/wp-content\/uploads\/2019\/05\/reprministre.jpg?resize=696%2C464&#038;ssl=1 696w, https:\/\/i1.wp.com\/www.sidwaya.info\/wp-content\/uploads\/2019\/05\/reprministre.jpg?resize=630%2C420&#038;ssl=1 630w\" sizes=\"auto, (max-width: 696px) 100vw, 696px\" alt=\"\" title=\"reprministre\"\/><\/a><\/div>\n<div class=\"td-a-rec td-a-rec-id-content_top td_uid_30_5ce4712bd1fe7_rand td_block_template_1\"><img loading=\"lazy\" decoding=\"async\" class=\"aligncenter size-full wp-image-4463\" src=\"https:\/\/www.sidwaya.info\/wp-content\/uploads\/2019\/02\/FESPACO-TOUR-2019-Bannie%CC%80re-728x90-1.jpg\" alt=\"\" width=\"728\" height=\"90\"\/><\/div>\n<p><strong>L\u2019Organisation ouest-africaine de la sant\u00e9 (OOAS) a tenu un atelier, les 13 et 14 mai 2019, \u00e0 Ouagadougou, les activit\u00e9s du \u00abProjet de renforcement du r\u00e9seau de surveillance \u00e9pid\u00e9miologique et des syst\u00e8mes de laboratoires\u00bb (PROALAB) dans quatre pays de la CEDEAO.<\/strong><\/p>\n<p>Apr\u00e8s l\u2019\u00e9pid\u00e9mie du virus Ebola en 2014, l\u2019Afrique subsaharienne a connu plusieurs autres \u00e9pid\u00e9mies de pathologies infectieuses \u00e9mergentes. Ce sont les foyers de Dengue au Burkina Faso, en C\u00f4te d\u2019Ivoire et au S\u00e9n\u00e9gal en 2016-2018, de Zika au Cap-Vert et en Guin\u00e9e Bissau en 2016. A cela s\u2019est ajout\u00e9e, la fi\u00e8vre de la vall\u00e9e du rift du Niger, en 2016 et la fi\u00e8vre Lassa au Nigeria. Des vagues d\u2019\u00e9pid\u00e9mies qui ont mis en \u00e9vidence les carences des syst\u00e8mes de sant\u00e9 de surveillance dans ces pays. Toute chose qui affaiblit leur syst\u00e8me de sant\u00e9. Pourtant, selon le directeur g\u00e9n\u00e9ral de la sant\u00e9 publique du Burkina Faso, Dr Esa\u00efe Meda, des mesures appropri\u00e9es prises par certains pays de l\u2019espace CEDEAO et qui poss\u00e9daient un syst\u00e8me de surveillance satisfaisant tel que le Nigeria a d\u00e9montr\u00e9 que ces \u00e9pid\u00e9mies pouvaient \u00eatres ma\u00eetris\u00e9es avec succ\u00e8s. C\u2019est ainsi que, conscient de cela, les chefs d\u2019Etat de la CEDEAO ont en d\u00e9cembre 2015 mis en place un Centre r\u00e9gional de surveillance et de contr\u00f4le des maladies de la CEDEAO (CRSCM \/ CEDEAO). Bas\u00e9 \u00e0 Abuja au Nigeria, ce centre appuie les Etats membres dans le renforcement de leurs capacit\u00e9s. Dans le cadre de son op\u00e9rationnalisation, le CRSCM\/CEDEAO, a b\u00e9n\u00e9fici\u00e9 d\u2019un financement de 10 millions d\u2019euros de la Banque allemande de coop\u00e9ration (KFW) \u00e0 travers \u00ab le Projet de renforcement du r\u00e9seau de surveillance \u00e9pid\u00e9miologique et des syst\u00e8mes de laboratoires \u00bb (PROALAB) \u00bb, lanc\u00e9 en ao\u00fbt 2018 pour trois ans. Huit mois apr\u00e8s, il vient de d\u00e9marrer ses activit\u00e9s officiellement, les 13 et 14 mai 2019, au cours d\u2019un atelier, \u00e0 Ouagadougou. Le repr\u00e9sentant du Directeur g\u00e9n\u00e9ral (DG) de l\u2019OOAS, Dr Abdrahmane Sow, a pr\u00e9cis\u00e9 que le PROALAB concerne les laboratoires nationaux et r\u00e9gionaux des quatre pays que sont, le Burkina Faso, la C\u00f4te d\u2019Ivoire, le Nigeria et le Niger. Selon lui, il va s\u2019ex\u00e9cuter en deux composantes. D\u2019abord, le renforcement des capacit\u00e9s des laboratoires \u00e0 travers la formation, des \u00e9quipements, le syst\u00e8me de maintenance. Ensuite, ces laboratoires vont \u00e9galement b\u00e9n\u00e9ficier d\u2019un appui pour la mise en place et la fonctionnalit\u00e9 du R\u00e9seau r\u00e9gional des laboratoires (RRL) dans le cadre de l\u2019op\u00e9rationnalisation de la RCDC. La repr\u00e9sentante de la KFW, Dr Marga Kowolewski a ajout\u00e9 que depuis le lancement du projet, des laboratoires des quatre pays ont \u00e9t\u00e9 visit\u00e9s. \u00ab L\u2019\u00e9quipe du PROLALAB a pris la mesure des premiers besoins et des propositions concr\u00e8tes ont \u00e9t\u00e9 \u00e9labor\u00e9es. Aussi, un manuel de proc\u00e9dure a \u00e9t\u00e9 d\u00e9j\u00e0 r\u00e9dig\u00e9 \u00bb, a-t-elle indiqu\u00e9. Le processus de mise en place d\u2019une banque r\u00e9gionale, du R\u00e9seau r\u00e9gional des laboratoires de r\u00e9f\u00e9rences (RRLR), la d\u00e9signation des Laboratoires r\u00e9gionaux de r\u00e9f\u00e9rence (LRR) et l\u2019\u00e9laboration des textes relatifs au transport et au transfert des \u00e9chantillons entam\u00e9 depuis 2015 rassure d\u00e9j\u00e0 de la qualit\u00e9 du dispositif de surveillance contrairement aux ann\u00e9es 2010 o\u00f9 l\u2019OOAS faisait cavalier seule, a dit Dr Meda. Il a rappel\u00e9 qu\u2019en 2015, toujours dans la mise en \u0153uvre du projet, une \u00e9valuation des syst\u00e8mes de surveillance dans les quatre pays b\u00e9n\u00e9ficiaires a identifi\u00e9 des insuffisances au niveau des laboratoires. Il s\u2019agit dans les domaines de la qualit\u00e9, la bios\u00e9curit\u00e9, la maintenance des \u00e9quipements, la gestion des r\u00e9actifs et consommables, le transports des \u00e9chantillons et la gestion des donn\u00e9es. Le DG de sant\u00e9 publique du Burkina, Dr Esa\u00efe Meda, a poursuivi que l\u2019\u00e9valuation externe conjoint du R\u00e8glement sanitaire international (RSI) r\u00e9alis\u00e9e en 2017 et selon l\u2019agenda des pays a r\u00e9v\u00e9l\u00e9 \u00e9galement les m\u00eames insuffisances. Des r\u00e9sultats qui, de son avis, d\u00e9montre qu\u2019il n\u2019y a pas eu d\u2019am\u00e9lioration dans les syst\u00e8mes de laboratoires. C\u2019est pourquoi, ce projet vient \u00e0 point nomm\u00e9, \u00e0 entendre Dr Meda. Il a, par ailleurs, exhort\u00e9 les diff\u00e9rents acteurs \u00e0 s\u2019engager afin de conduire le projet et ce, conform\u00e9ment aux orientations strat\u00e9giques d\u00e9finies. Au cours de l\u2019atelier, qui a r\u00e9uni les repr\u00e9sentants de l\u2019OOAS, de l\u2019unit\u00e9 de gestion, les points focaux nationaux, les responsables de laboratoires ainsi que les experts, le manuel de proc\u00e9dure du PROALAB a \u00e9t\u00e9 valid\u00e9. Ils ont aussi pr\u00e9sent\u00e9 et \u00e9chang\u00e9 sur les diff\u00e9rentes proc\u00e9dures du manuel, les syst\u00e8mes de pilotages et de gestion du projet, les proc\u00e9dures de passation des march\u00e9s. Avant l\u2019\u00e9ch\u00e9ance de 2021, la repr\u00e9sentante de la KFW, Dr Marga Kowolewski a annonc\u00e9 qu\u2019un accord de principe a d\u00e9j\u00e0 \u00e9t\u00e9 trouv\u00e9 entre le gouvernement allemand et la CEDEAO pour une deuxi\u00e8me phase qui pourraient \u00e9largir la zone d\u2019intervention du PROALAB.<\/p>\n<p>Mariam OUEDRAOGO<\/p>\n<div class=\"td-a-rec td-a-rec-id-content_bottom td_uid_31_5ce4712bd21b7_rand td_block_template_1\"><img loading=\"lazy\" decoding=\"async\" class=\"alignright size-full wp-image-1724\" src=\"https:\/\/www.sidwaya.info\/wp-content\/uploads\/2018\/12\/sidwaya-pub.jpg\" alt=\"\" width=\"720\" height=\"90\"\/><\/div>\n<p>Auteur: BM. Sidwaya<br \/>\n<a href=\"https:\/\/www.sidwaya.info\/blog\/2019\/05\/21\/surveillance-epidemiologique-dans-lespace-cedeao\/\">Cliquez ici pour lire l&rsquo;article depuis sa source.<\/a><\/p>\n","protected":false},"excerpt":{"rendered":"<p>L\u2019Organisation ouest-africaine de la sant\u00e9 (OOAS) a tenu un atelier, les 13 et 14 mai 2019, \u00e0 Ouagadougou, les activit\u00e9s du \u00abProjet de renforcement du r\u00e9seau de surveillance \u00e9pid\u00e9miologique et des syst\u00e8mes de laboratoires\u00bb (PROALAB) dans quatre pays de la CEDEAO. Apr\u00e8s l\u2019\u00e9pid\u00e9mie du virus Ebola en 2014, l\u2019Afrique subsaharienne a connu plusieurs autres \u00e9pid\u00e9mies [&hellip;]<\/p>\n","protected":false},"author":1816,"featured_media":0,"comment_status":"closed","ping_status":"closed","sticky":false,"template":"","format":"standard","meta":{"fifu_image_url":"","fifu_image_alt":"","footnotes":""},"categories":[73,81],"tags":[],"class_list":["post-35835","post","type-post","status-publish","format-standard","hentry","category-actualite","category-burkina-faso"],"_links":{"self":[{"href":"https:\/\/linitiative.ca\/International\/wp-json\/wp\/v2\/posts\/35835","targetHints":{"allow":["GET"]}}],"collection":[{"href":"https:\/\/linitiative.ca\/International\/wp-json\/wp\/v2\/posts"}],"about":[{"href":"https:\/\/linitiative.ca\/International\/wp-json\/wp\/v2\/types\/post"}],"author":[{"embeddable":true,"href":"https:\/\/linitiative.ca\/International\/wp-json\/wp\/v2\/users\/1816"}],"replies":[{"embeddable":true,"href":"https:\/\/linitiative.ca\/International\/wp-json\/wp\/v2\/comments?post=35835"}],"version-history":[{"count":0,"href":"https:\/\/linitiative.ca\/International\/wp-json\/wp\/v2\/posts\/35835\/revisions"}],"wp:attachment":[{"href":"https:\/\/linitiative.ca\/International\/wp-json\/wp\/v2\/media?parent=35835"}],"wp:term":[{"taxonomy":"category","embeddable":true,"href":"https:\/\/linitiative.ca\/International\/wp-json\/wp\/v2\/categories?post=35835"},{"taxonomy":"post_tag","embeddable":true,"href":"https:\/\/linitiative.ca\/International\/wp-json\/wp\/v2\/tags?post=35835"}],"curies":[{"name":"wp","href":"https:\/\/api.w.org\/{rel}","templated":true}]}}