{"id":35836,"date":"2019-05-21T15:16:36","date_gmt":"2019-05-21T19:16:36","guid":{"rendered":"https:\/\/linitiative.ca\/International\/greve-des-agents-de-la-sante\/"},"modified":"2019-05-21T15:16:36","modified_gmt":"2019-05-21T19:16:36","slug":"greve-des-agents-de-la-sante","status":"publish","type":"post","link":"https:\/\/linitiative.ca\/International\/greve-des-agents-de-la-sante\/","title":{"rendered":"Gr\u00e8ve des agents de la sant\u00e9"},"content":{"rendered":"<div class=\"td-post-featured-image\"><a href=\"https:\/\/i2.wp.com\/www.sidwaya.info\/wp-content\/uploads\/2019\/05\/santegreve.jpg?fit=974%2C650&#038;ssl=1\" data-caption=\"\"><img loading=\"lazy\" decoding=\"async\" width=\"696\" height=\"464\" class=\"entry-thumb td-modal-image\" src=\"https:\/\/i2.wp.com\/www.sidwaya.info\/wp-content\/uploads\/2019\/05\/santegreve.jpg?resize=696%2C464&#038;ssl=1\" srcset=\"https:\/\/i2.wp.com\/www.sidwaya.info\/wp-content\/uploads\/2019\/05\/santegreve.jpg?w=974&#038;ssl=1 974w, https:\/\/i2.wp.com\/www.sidwaya.info\/wp-content\/uploads\/2019\/05\/santegreve.jpg?resize=300%2C200&#038;ssl=1 300w, https:\/\/i2.wp.com\/www.sidwaya.info\/wp-content\/uploads\/2019\/05\/santegreve.jpg?resize=768%2C513&#038;ssl=1 768w, https:\/\/i2.wp.com\/www.sidwaya.info\/wp-content\/uploads\/2019\/05\/santegreve.jpg?resize=696%2C464&#038;ssl=1 696w, https:\/\/i2.wp.com\/www.sidwaya.info\/wp-content\/uploads\/2019\/05\/santegreve.jpg?resize=629%2C420&#038;ssl=1 629w\" sizes=\"auto, (max-width: 696px) 100vw, 696px\" alt=\"\" title=\"santegreve\"\/><\/a><\/div>\n<div class=\"td-a-rec td-a-rec-id-content_top td_uid_30_5ce4712ec0b94_rand td_block_template_1\"><img loading=\"lazy\" decoding=\"async\" class=\"aligncenter size-full wp-image-4463\" src=\"https:\/\/www.sidwaya.info\/wp-content\/uploads\/2019\/02\/FESPACO-TOUR-2019-Bannie%CC%80re-728x90-1.jpg\" alt=\"\" width=\"728\" height=\"90\"\/><\/div>\n<p><strong>Des syndicats de la sant\u00e9 humaine et animale observent \u00e0 partir d\u2019hier 21 mai et ce pour 96 heures, une gr\u00e8ve pour exiger la satisfaction de leur plateforme revendicative. Constat dans quelques centres de sant\u00e9 \u00e0 D\u00e9dougou dans la Boucle du Mouhoun et \u00e0 Bobo-Dioulasso dans la r\u00e9gion des Hauts-Bassins.<\/strong><\/p>\n<p>Mardi 21 mai 2019. Il est 10 heures, c\u2019est un silence de cimeti\u00e8re qui r\u00e8gne dans les Centres de sant\u00e9 et de promotion sociale (CSPS), dans la commune de D\u00e9dougou. Du dispensaire, \u00e0 la maternit\u00e9 en passant par la salle de mise en observation, tous les services de sant\u00e9 de D\u00e9dougou \u00e9taient herm\u00e9tiquement ferm\u00e9s en ce premier jour de la gr\u00e8ve de 96 heures, d\u00e9cr\u00e9t\u00e9e par les cinq des six syndicats de la sant\u00e9. Aucun personnel de sant\u00e9 sur les lieux. Seul le d\u00e9p\u00f4t des M\u00e9dicaments essentiels g\u00e9n\u00e9riques (MEG) avait ouvert ses portes. Le m\u00eame constat au Centre m\u00e9dical urbain (CMU) de la cit\u00e9 de Bankuy. Aucun service n\u2019est fonctionnel sauf le d\u00e9p\u00f4t MEG.<br \/>A notre passage au CMU, une jeune dame, qui se plaignait de maux de ventre a fait le constat amer de l\u2019absence du personnel soignant. Venu mettre le mat\u00e9riel de travail en lieu s\u00fbr, un agent du centre m\u00e9dical d\u00e9plore la situation qu\u2019il juge trop drastique. \u00abIl est certes vrai que la gr\u00e8ve se justifie, mais on devrait au moins assurer le service minimum comme de par le pass\u00e9. Dans ces conditions, ce sont nos parents qui payent le lourd tribut\u00bb, regrette-t-il sous anonymat. Au Centre hospitalier r\u00e9gional (CHR) de D\u00e9dougou, c\u2019est le regard triste des accompagnants des malades que nous croisons d\u00e8s l\u2019entr\u00e9e au service des urgences. \u00abIl est vrai que c\u2019est une gr\u00e8ve, mais au moins pour nous qui sommes l\u00e0, on devrait trouver un moyen pour assurer les soins. Sinon, comment nous allons devenir, s\u2019il faut \u00eatre \u00e0 l\u2019h\u00f4pital sans avoir de soins?\u00bb, laisse entendre l\u2019accompagnant d\u2019une malade souffrant d\u2019insuffisance r\u00e9nale. Au service de la p\u00e9diatrie, \u00e0 la maternit\u00e9 et \u00e0 la chirurgie, tous les services fonctionnent au ralenti gr\u00e2ce au personnel non titulaire et les infirmiers de la garnison et du camp de la Compagnie r\u00e9publicaine de s\u00e9curit\u00e9 (CRS), confie tout d\u00e9pit\u00e9, le directeur g\u00e9n\u00e9ral du CHR<br \/>de D\u00e9dougou, Gustave Yinfansa Dabir\u00e9.<\/p>\n<p>Les \u00e9coles priv\u00e9es de sant\u00e9 \u00e0 la rescousse<\/p>\n<p>A Bobo-Dioulasso, \u00e0 l\u2019instar des autres villes du Burkina Faso, la gr\u00e8ve est effective. En effet, les infirmiers ont d\u00e9sert\u00e9 les structures sanitaires pour se retrouver \u00e0 la Bourse du travail de Bobo-Dioulasso. Au Centre hospitalier universitaire Sourou Sanou (CHUSS), l\u2019administration a pris des dispositions pour que le service minimum soit assur\u00e9 dans les services vitaux. Dans ces services, ce sont des stagiaires, des infirmiers et des m\u00e9decins militaires qui essaient de sauver des vies. \u00abEn ce qui concerne la mobilisation des ressources humaines, nous avons travaill\u00e9 avec la direction r\u00e9gionale de la sant\u00e9. Nous avons entrepris des d\u00e9marches aupr\u00e8s des promoteurs des \u00e9coles priv\u00e9es de sant\u00e9, qui ont bien voulu nous accompagner. A ce titre, ils nous ont envoy\u00e9s 40 infirmiers d\u2019Etat et 8 sages-femmes\u00bb, a laiss\u00e9 entendre le directeur des ressources humaines du CHUSSS, Philibert Combo\u00efgo.<br \/>Ce personnel de son avis est largement inf\u00e9rieur \u00e0 la demande, vu le nombre des malades qui \u00e9taient couch\u00e9s sur leur lit, implorant que le miracle se r\u00e9alise. Sous nos yeux, \u00e0 l\u2019h\u00f4pital, l\u2019administration a fait \u00e9vacuer des malades dans les cliniques pour des soins ad\u00e9quats. Ces malades \u00abtransf\u00e9r\u00e9s\u00bb dans les centres priv\u00e9s recevront les soins comme s\u2019ils \u00e9taient toujours au CHUSS, a d\u00e9clar\u00e9 Philibert Combo\u00efgo. Les agents qui assurent le service minimum, travaillent avec la peur au ventre, parce qu\u2019ils ont re\u00e7u des menaces de la part des manifestants, nous l\u00e2che une sage-femme. En plus du CHUSS, les stagiaires selon M. Combo\u00efgo, seront d\u00e9ploy\u00e9s au Centre m\u00e9dical avec antenne chirurgicale (CMA) de Dafra et de D\u00f4 pour assurer le service minimum. Mais selon le secr\u00e9taire g\u00e9n\u00e9ral de la sous-section SYNTSHA du CHUSS, Yaya Traor\u00e9, le suivi de la gr\u00e8ve est satisfaisant dans les diff\u00e9rentes structures sanitaires.<br \/>En rappel, pour la satisfaction de leur plateforme revendicative, notamment la question de la Fonction publique hospitali\u00e8re promise par le gouvernement, cinq des six syndicats de la sant\u00e9 ont d\u00e9cr\u00e9t\u00e9 \u00e0 compter de ce mardi 21 mai 2019 une gr\u00e8ve de 96 heures sans service minimum dans les formations de sant\u00e9 sur toute l\u2019\u00e9tendue du territoire. A l\u2019issue de ces quatre jours de gr\u00e8ve, les syndicats projettent le boycott des permanences et des gardes afin d\u2019amener le gouvernement \u00e0 satisfaire leur revendication.<\/p>\n<p>Kam\u00e9l\u00e9 FAYAMA<br \/>Ibrahim NIAONE<br \/>(Stagiaire)<br \/>Moussa Traor\u00e9 SON<br \/>(Stagiaire)<\/p>\n<div class=\"td-a-rec td-a-rec-id-content_bottom td_uid_31_5ce4712ec0d4b_rand td_block_template_1\"><img loading=\"lazy\" decoding=\"async\" class=\"alignright size-full wp-image-1724\" src=\"https:\/\/www.sidwaya.info\/wp-content\/uploads\/2018\/12\/sidwaya-pub.jpg\" alt=\"\" width=\"720\" height=\"90\"\/><\/div>\n<p>Auteur: BM. Sidwaya<br \/>\n<a href=\"https:\/\/www.sidwaya.info\/blog\/2019\/05\/21\/greve-des-agents-de-la-sante\/\">Cliquez ici pour lire l&rsquo;article depuis sa source.<\/a><\/p>\n","protected":false},"excerpt":{"rendered":"<p>Des syndicats de la sant\u00e9 humaine et animale observent \u00e0 partir d\u2019hier 21 mai et ce pour 96 heures, une gr\u00e8ve pour exiger la satisfaction de leur plateforme revendicative. Constat dans quelques centres de sant\u00e9 \u00e0 D\u00e9dougou dans la Boucle du Mouhoun et \u00e0 Bobo-Dioulasso dans la r\u00e9gion des Hauts-Bassins. Mardi 21 mai 2019. Il [&hellip;]<\/p>\n","protected":false},"author":1816,"featured_media":0,"comment_status":"closed","ping_status":"closed","sticky":false,"template":"","format":"standard","meta":{"fifu_image_url":"","fifu_image_alt":"","footnotes":""},"categories":[73,81],"tags":[],"class_list":["post-35836","post","type-post","status-publish","format-standard","hentry","category-actualite","category-burkina-faso"],"_links":{"self":[{"href":"https:\/\/linitiative.ca\/International\/wp-json\/wp\/v2\/posts\/35836","targetHints":{"allow":["GET"]}}],"collection":[{"href":"https:\/\/linitiative.ca\/International\/wp-json\/wp\/v2\/posts"}],"about":[{"href":"https:\/\/linitiative.ca\/International\/wp-json\/wp\/v2\/types\/post"}],"author":[{"embeddable":true,"href":"https:\/\/linitiative.ca\/International\/wp-json\/wp\/v2\/users\/1816"}],"replies":[{"embeddable":true,"href":"https:\/\/linitiative.ca\/International\/wp-json\/wp\/v2\/comments?post=35836"}],"version-history":[{"count":0,"href":"https:\/\/linitiative.ca\/International\/wp-json\/wp\/v2\/posts\/35836\/revisions"}],"wp:attachment":[{"href":"https:\/\/linitiative.ca\/International\/wp-json\/wp\/v2\/media?parent=35836"}],"wp:term":[{"taxonomy":"category","embeddable":true,"href":"https:\/\/linitiative.ca\/International\/wp-json\/wp\/v2\/categories?post=35836"},{"taxonomy":"post_tag","embeddable":true,"href":"https:\/\/linitiative.ca\/International\/wp-json\/wp\/v2\/tags?post=35836"}],"curies":[{"name":"wp","href":"https:\/\/api.w.org\/{rel}","templated":true}]}}