{"id":35839,"date":"2019-05-21T15:38:29","date_gmt":"2019-05-21T19:38:29","guid":{"rendered":"https:\/\/linitiative.ca\/International\/soutien-aux-personnes-vulnerables\/"},"modified":"2019-05-21T15:38:29","modified_gmt":"2019-05-21T19:38:29","slug":"soutien-aux-personnes-vulnerables","status":"publish","type":"post","link":"https:\/\/linitiative.ca\/International\/soutien-aux-personnes-vulnerables\/","title":{"rendered":"Soutien aux personnes vuln\u00e9rables"},"content":{"rendered":"<div class=\"td-post-featured-image\"><a href=\"https:\/\/i1.wp.com\/www.sidwaya.info\/wp-content\/uploads\/2019\/05\/prefaso.jpg?fit=787%2C562&#038;ssl=1\" data-caption=\"\"><img loading=\"lazy\" decoding=\"async\" width=\"696\" height=\"497\" class=\"entry-thumb td-modal-image\" src=\"https:\/\/i1.wp.com\/www.sidwaya.info\/wp-content\/uploads\/2019\/05\/prefaso.jpg?resize=696%2C497&#038;ssl=1\" srcset=\"https:\/\/i1.wp.com\/www.sidwaya.info\/wp-content\/uploads\/2019\/05\/prefaso.jpg?w=787&#038;ssl=1 787w, https:\/\/i1.wp.com\/www.sidwaya.info\/wp-content\/uploads\/2019\/05\/prefaso.jpg?resize=300%2C214&#038;ssl=1 300w, https:\/\/i1.wp.com\/www.sidwaya.info\/wp-content\/uploads\/2019\/05\/prefaso.jpg?resize=768%2C548&#038;ssl=1 768w, https:\/\/i1.wp.com\/www.sidwaya.info\/wp-content\/uploads\/2019\/05\/prefaso.jpg?resize=100%2C70&#038;ssl=1 100w, https:\/\/i1.wp.com\/www.sidwaya.info\/wp-content\/uploads\/2019\/05\/prefaso.jpg?resize=696%2C497&#038;ssl=1 696w, https:\/\/i1.wp.com\/www.sidwaya.info\/wp-content\/uploads\/2019\/05\/prefaso.jpg?resize=588%2C420&#038;ssl=1 588w\" sizes=\"auto, (max-width: 696px) 100vw, 696px\" alt=\"\" title=\"prefaso\"\/><\/a><\/div>\n<div class=\"td-a-rec td-a-rec-id-content_top td_uid_30_5ce47137e2795_rand td_block_template_1\"><img loading=\"lazy\" decoding=\"async\" class=\"aligncenter size-full wp-image-4463\" src=\"https:\/\/www.sidwaya.info\/wp-content\/uploads\/2019\/02\/FESPACO-TOUR-2019-Bannie%CC%80re-728x90-1.jpg\" alt=\"\" width=\"728\" height=\"90\"\/><\/div>\n<p><strong>Le pr\u00e9sident du Faso, Roch Marc Christian Kabor\u00e9, a accord\u00e9 une audience, au directeur des programmes d\u2019urgences de l\u2019UNICEF, le vendredi 17 mai 2019, \u00e0 Kosyam.<\/strong><\/p>\n<p>Apr\u00e8s un passage dans les zones en proie aux crises humanitaires, le directeur des programmes d\u2019urgences de l\u2019UNICEF, Manuel Fontaine, a marqu\u00e9 une halte au palais pr\u00e9sidentiel de Kosyam, le vendredi 17 mai dernier. Le pr\u00e9sident du Faso, Roch Kabor\u00e9 et son h\u00f4te ont \u00e9chang\u00e9 sur les actions de l\u2019organisation dans le domaine humanitaire et du d\u00e9veloppement en g\u00e9n\u00e9ral.<br \/>Le p\u00e9riple de Manuel Fontaine l\u2019a conduit dans certaines localit\u00e9s. Il a cit\u00e9, entre autres, les villes de Dori et Kaya, localit\u00e9s qui ont enregistr\u00e9 un afflux massif de r\u00e9fugi\u00e9s venant des zones confront\u00e9es aux attaques terroristes. \u00abNotre visite dans certaines zones du pays nous a permis de r\u00e9affirmer l\u2019engagement de l\u2019UNICEF aupr\u00e8s de l\u2019enfance au Burkina Faso, surtout dans un moment un peu difficile\u00a0avec les personnes d\u00e9plac\u00e9es\u00bb, a affirm\u00e9 M. Fontaine. Des actions, a-t-il dit, sont pr\u00e9vues avec plus de pr\u00e9sence de l\u2019UNICEF au pays des Hommes int\u00e8gres et de mani\u00e8re d\u00e9centralis\u00e9e sur le terrain, afin d\u2019\u00eatre au contact des populations pour la vaccination contre la rougeole, des actions de scolarisation, des r\u00e9alisations de forages.<\/p>\n<p>Abdel Aziz NABALOUM<br \/>emirathe@yahoo.fr<\/p>\n<div class=\"td-a-rec td-a-rec-id-content_bottom td_uid_31_5ce47137e2946_rand td_block_template_1\"><img loading=\"lazy\" decoding=\"async\" class=\"alignright size-full wp-image-1724\" src=\"https:\/\/www.sidwaya.info\/wp-content\/uploads\/2018\/12\/sidwaya-pub.jpg\" alt=\"\" width=\"720\" height=\"90\"\/><\/div>\n<p>Auteur: BM. Sidwaya<br \/>\n<a href=\"https:\/\/www.sidwaya.info\/blog\/2019\/05\/21\/soutien-aux-personnes-vulnerables\/\">Cliquez ici pour lire l&rsquo;article depuis sa source.<\/a><\/p>\n","protected":false},"excerpt":{"rendered":"<p>Le pr\u00e9sident du Faso, Roch Marc Christian Kabor\u00e9, a accord\u00e9 une audience, au directeur des programmes d\u2019urgences de l\u2019UNICEF, le vendredi 17 mai 2019, \u00e0 Kosyam. Apr\u00e8s un passage dans les zones en proie aux crises humanitaires, le directeur des programmes d\u2019urgences de l\u2019UNICEF, Manuel Fontaine, a marqu\u00e9 une halte au palais pr\u00e9sidentiel de Kosyam, [&hellip;]<\/p>\n","protected":false},"author":1816,"featured_media":0,"comment_status":"closed","ping_status":"closed","sticky":false,"template":"","format":"standard","meta":{"fifu_image_url":"","fifu_image_alt":"","footnotes":""},"categories":[73,81],"tags":[],"class_list":["post-35839","post","type-post","status-publish","format-standard","hentry","category-actualite","category-burkina-faso"],"_links":{"self":[{"href":"https:\/\/linitiative.ca\/International\/wp-json\/wp\/v2\/posts\/35839","targetHints":{"allow":["GET"]}}],"collection":[{"href":"https:\/\/linitiative.ca\/International\/wp-json\/wp\/v2\/posts"}],"about":[{"href":"https:\/\/linitiative.ca\/International\/wp-json\/wp\/v2\/types\/post"}],"author":[{"embeddable":true,"href":"https:\/\/linitiative.ca\/International\/wp-json\/wp\/v2\/users\/1816"}],"replies":[{"embeddable":true,"href":"https:\/\/linitiative.ca\/International\/wp-json\/wp\/v2\/comments?post=35839"}],"version-history":[{"count":0,"href":"https:\/\/linitiative.ca\/International\/wp-json\/wp\/v2\/posts\/35839\/revisions"}],"wp:attachment":[{"href":"https:\/\/linitiative.ca\/International\/wp-json\/wp\/v2\/media?parent=35839"}],"wp:term":[{"taxonomy":"category","embeddable":true,"href":"https:\/\/linitiative.ca\/International\/wp-json\/wp\/v2\/categories?post=35839"},{"taxonomy":"post_tag","embeddable":true,"href":"https:\/\/linitiative.ca\/International\/wp-json\/wp\/v2\/tags?post=35839"}],"curies":[{"name":"wp","href":"https:\/\/api.w.org\/{rel}","templated":true}]}}