{"id":35841,"date":"2019-05-21T14:50:03","date_gmt":"2019-05-21T18:50:03","guid":{"rendered":"https:\/\/linitiative.ca\/International\/energies-renouvelables-les-pays-de-lue-en-ordre-disperse\/"},"modified":"2019-05-21T14:50:03","modified_gmt":"2019-05-21T18:50:03","slug":"energies-renouvelables-les-pays-de-lue-en-ordre-disperse","status":"publish","type":"post","link":"https:\/\/linitiative.ca\/International\/energies-renouvelables-les-pays-de-lue-en-ordre-disperse\/","title":{"rendered":"Energies renouvelables: les pays de l\u2019UE en ordre dispers\u00e9"},"content":{"rendered":"<div readability=\"32\">\n<p>Publi\u00e9 le 21.05.2019 \u00e0 19h50 par AFP<\/p>\n<\/div>\n<div readability=\"143\">\n<p>L\u2019Union europ\u00e9enne, avec 17,5% d\u2019\u00e9nergies renouvelables consomm\u00e9es en 2017, est sur la bonne voie pour atteindre ses objectifs, mais certains \u00c9tats membres restent encore loin des buts qu\u2019ils se sont fix\u00e9s.<\/p>\n<p>En 2008, l\u2019UE s\u2019est engag\u00e9e \u00e0 faire passer \u00e0 20% en 2020 la part de sa consommation finale d\u2019\u00e9nergie provenant de sources vertes (hydraulique, \u00e9olien, solaire, biomasse, etc.) Chaque pays a ses propres objectifs, en fonction de sa situation de d\u00e9part et de son potentiel, variant de 10 \u00e0 49%.<\/p>\n<p>Onze Etats membres ont d\u00e9j\u00e0 d\u00e9pass\u00e9 les ambitions qui leur \u00e9taient fix\u00e9es, mais l\u2019Office europ\u00e9en des statistiques Eurostat estime que \u00ab\u00a0des efforts\u00a0\u00bb restent \u00e0 faire pour d\u2019autres pays bien plus en retard.<\/p>\n<p>Pour 2030, l\u2019Union europ\u00e9enne s\u2019est engag\u00e9e \u00e0 porter la part des renouvelables \u00e0 32% de sa consommation d\u2019\u00e9nergie.<\/p>\n<p>\u2013 La Su\u00e8de, championne d\u2019Europe \u2013<\/p>\n<p>Les pays scandinaves \u2013 Su\u00e8de, Finlande et Danemark \u2013 tiennent pour l\u2019instant la t\u00eate du classement europ\u00e9en.<\/p>\n<p>Depuis 2012, plus de la moiti\u00e9 de l\u2019\u00e9nergie consomm\u00e9e en Su\u00e8de est issue de sources renouvelables. L\u2019\u00e9nergie hydraulique assure plus de 40% de la production \u00e9lectrique du pays et les Su\u00e9dois se chauffent principalement aux biocarburants, selon l\u2019Agence internationale de l\u2019\u00e9nergie (AIE).<\/p>\n<p>Longtemps d\u00e9pendant de ses importations d\u2019\u00e9nergie, le Danemark, petit pays sans relief bord\u00e9 par la mer, d\u00e9pend de l\u2019\u00e9olien pour 43% de ses besoins \u00e9lectriques, un investissement qui a d\u00e9but\u00e9 \u00e0 la fin des ann\u00e9es 70. Le pays se chauffe majoritairement avec des biocarburants et des d\u00e9chets.<\/p>\n<p>\u2013 Les Pays-Bas \u00e0 la tra\u00eene \u2013<\/p>\n<p>Le Luxembourg (6,4% d\u2019\u00e9nergies vertes) et les Pays-Bas (6,6%) sont les pays europ\u00e9ens qui tirent la plus faible partie de leur consommation des \u00e9nergies renouvelables.<\/p>\n<p>Malgr\u00e9 des investissements dans l\u2019\u00e9olien offshore, les Pays-Bas sont les plus en retard sur leurs objectifs. Le pays est pourtant particuli\u00e8rement vuln\u00e9rable aux cons\u00e9quences du changement climatique, une partie de son territoire se trouvant en dessous du niveau de la mer.<\/p>\n<p>Par ailleurs, suite \u00e0 une action en justice historique intent\u00e9e par une ONG, la justice n\u00e9erlandaise a ordonn\u00e9 \u00e0 l\u2019Etat de r\u00e9duire ses \u00e9missions de gaz \u00e0 effet de serre d\u2019au moins 25% d\u2019ici 2020.<\/p>\n<p>\u2013 La France pr\u00e9f\u00e8re le nucl\u00e9aire \u2013<\/p>\n<p>Inspir\u00e9es par la d\u00e9cision n\u00e9erlandaise, quatre ONG ont attaqu\u00e9 mi-mars l\u2019Etat fran\u00e7ais pour \u00ab\u00a0manquements\u00a0\u00bb \u00e0 son obligation d\u2019action contre le r\u00e9chauffement climatique.<\/p>\n<p>En 2017, la part des \u00e9nergies renouvelables dans la consommation d\u2019\u00e9nergie fran\u00e7aise atteignait 16,3% pour 23% attendus en 2020.<\/p>\n<p>La France a en effet longtemps privil\u00e9gi\u00e9 les investissements dans le nucl\u00e9aire, dont provient plus de 70% de son \u00e9lectricit\u00e9.<\/p>\n<p>Le bois et l\u2019hydraulique sont les principales sources d\u2019\u00e9nergie verte fran\u00e7aise, devant les biocarburants.<\/p>\n<p>Le gouvernement s\u2019est engag\u00e9 \u00e0 fermer 14 r\u00e9acteurs nucl\u00e9aires d\u2019ici 2035 et \u00e0 arr\u00eater d\u2019ici 2022 quatre centrales \u00e0 charbon encore en fonctionnement, sous r\u00e9serve que la s\u00e9curit\u00e9 d\u2019approvisionnement \u00e9lectrique soit garantie.<\/p>\n<p>\u2013 L\u2019Allemagne entre charbon et \u00e9olien \u2013<\/p>\n<p>Si les \u00e9nergies renouvelables allemandes \u2013 principalement l\u2019\u00e9olien et le solaire \u2013 montent en puissance, elles n\u2019assuraient que 15,5% de l\u2019\u00e9nergie finale consomm\u00e9e en 2017, pour un objectif de 18% en 2020.<\/p>\n<p>Le charbon reste une pierre angulaire de la politique \u00e9nerg\u00e9tique du pays, en raison notamment de la sortie programm\u00e9e du nucl\u00e9aire \u00e0 l\u2019horizon 2022. 37% de la production d\u2019\u00e9lectricit\u00e9 allemande et plus de 30% de son chauffage proviennent du charbon.<\/p>\n<p>La premi\u00e8re \u00e9conomie europ\u00e9enne veut progressivement en sortir pour pouvoir respecter ses engagements climatiques de r\u00e9duction d\u2019\u00e9missions polluantes. Une nouvelle loi-cadre sur la protection du climat est attendue courant 2019.<\/p>\n<\/div>\n<p>Auteur: AFP<br \/>\n<a href=\"https:\/\/www.journalducameroun.com\/fr\/energies-renouvelables-les-pays-de-lue-en-ordre-disperse\/\">Cliquez ici pour lire l&rsquo;article depuis sa source.<\/a><\/p>\n","protected":false},"excerpt":{"rendered":"<p>Publi\u00e9 le 21.05.2019 \u00e0 19h50 par AFP L\u2019Union europ\u00e9enne, avec 17,5% d\u2019\u00e9nergies renouvelables consomm\u00e9es en 2017, est sur la bonne voie pour atteindre ses objectifs, mais certains \u00c9tats membres restent encore loin des buts qu\u2019ils se sont fix\u00e9s. En 2008, l\u2019UE s\u2019est engag\u00e9e \u00e0 faire passer \u00e0 20% en 2020 la part de sa consommation [&hellip;]<\/p>\n","protected":false},"author":1965,"featured_media":0,"comment_status":"closed","ping_status":"closed","sticky":false,"template":"","format":"standard","meta":{"fifu_image_url":"","fifu_image_alt":"","footnotes":""},"categories":[73,82],"tags":[],"class_list":["post-35841","post","type-post","status-publish","format-standard","hentry","category-actualite","category-cameroun"],"_links":{"self":[{"href":"https:\/\/linitiative.ca\/International\/wp-json\/wp\/v2\/posts\/35841","targetHints":{"allow":["GET"]}}],"collection":[{"href":"https:\/\/linitiative.ca\/International\/wp-json\/wp\/v2\/posts"}],"about":[{"href":"https:\/\/linitiative.ca\/International\/wp-json\/wp\/v2\/types\/post"}],"author":[{"embeddable":true,"href":"https:\/\/linitiative.ca\/International\/wp-json\/wp\/v2\/users\/1965"}],"replies":[{"embeddable":true,"href":"https:\/\/linitiative.ca\/International\/wp-json\/wp\/v2\/comments?post=35841"}],"version-history":[{"count":0,"href":"https:\/\/linitiative.ca\/International\/wp-json\/wp\/v2\/posts\/35841\/revisions"}],"wp:attachment":[{"href":"https:\/\/linitiative.ca\/International\/wp-json\/wp\/v2\/media?parent=35841"}],"wp:term":[{"taxonomy":"category","embeddable":true,"href":"https:\/\/linitiative.ca\/International\/wp-json\/wp\/v2\/categories?post=35841"},{"taxonomy":"post_tag","embeddable":true,"href":"https:\/\/linitiative.ca\/International\/wp-json\/wp\/v2\/tags?post=35841"}],"curies":[{"name":"wp","href":"https:\/\/api.w.org\/{rel}","templated":true}]}}