{"id":35842,"date":"2019-05-21T14:50:05","date_gmt":"2019-05-21T18:50:05","guid":{"rendered":"https:\/\/linitiative.ca\/International\/laffaire-vincent-lambert-un-imbroglio-familial-mais-aussi-judiciaire\/"},"modified":"2019-05-21T14:50:05","modified_gmt":"2019-05-21T18:50:05","slug":"laffaire-vincent-lambert-un-imbroglio-familial-mais-aussi-judiciaire","status":"publish","type":"post","link":"https:\/\/linitiative.ca\/International\/laffaire-vincent-lambert-un-imbroglio-familial-mais-aussi-judiciaire\/","title":{"rendered":"L\u2019affaire Vincent Lambert un imbroglio familial mais aussi judiciaire"},"content":{"rendered":"<div readability=\"32\">\n<p>Publi\u00e9 le 21.05.2019 \u00e0 19h50 par AFP<\/p>\n<\/div>\n<div readability=\"143\">\n<p>Les traitements de Vincent Lambert, patient t\u00e9trapl\u00e9gique en \u00e9tat v\u00e9g\u00e9tatif depuis dix ans, ont repris mardi apr\u00e8s un arr\u00eat de la cour d\u2019appel de Paris. Ce coup de th\u00e9\u00e2tre interroge: comment, depuis six ans, la justice a-t-elle pu prendre autant de d\u00e9cisions qui apparaissent contradictoires?<\/p>\n<p>Question: Juge administratif, juge judiciaire, CEDH: qui est comp\u00e9tent?<\/p>\n<p>R\u00e9ponse: La justice administrative est comp\u00e9tente pour juger les litiges opposant une personne priv\u00e9e \u00e0 l\u2019\u00c9tat, \u00e0 une collectivit\u00e9 territoriale, \u00e0 un \u00e9tablissement public. C\u2019est donc principalement devant les juges administratifs qu\u2019ont eu lieu les batailles judiciaires dans l\u2019affaire Lambert.<\/p>\n<p>Le 24 avril, le Conseil d\u2019\u00c9tat, la plus haute juridiction administrative, a une nouvelle fois valid\u00e9 la d\u00e9cision m\u00e9dicale d\u2019arr\u00eater les soins de Vincent Lambert, en \u00e9tat v\u00e9g\u00e9tatif depuis dix ans.<\/p>\n<p>Les parents de Vincent Lambert ont d\u00e9pos\u00e9 plusieurs recours devant la Cour europ\u00e9enne des droits de l\u2019homme (CEDH), dont les d\u00e9cisions s\u2019imposent \u00e0 la France. Mais le 30 avril, celle-ci a donn\u00e9 raison au Conseil d\u2019\u00c9tat.<\/p>\n<p>Les parents ont \u00e9galement d\u00e9pos\u00e9 un recours devant le Comit\u00e9 international de protection des droits des personnes handicap\u00e9es (CIDPH) de l\u2019ONU. Celui-ci a demand\u00e9 vendredi \u00e0 la France de maintenir provisoirement les soins prodigu\u00e9s \u00e0 Vincent Lambert, \u00ab\u00a0pendant le traitement de son dossier par le Comit\u00e9\u00a0\u00bb. Mais la France consid\u00e9rait cette recommandation \u00ab\u00a0d\u00e9pourvue de caract\u00e8re contraignant\u00a0\u00bb.<\/p>\n<p>Le dernier rebondissement est venu des juges de l\u2019ordre judiciaire.<\/p>\n<p>Q: Comment expliquer l\u2019arr\u00eat de la cour d\u2019appel de lundi?<\/p>\n<p>R: Saisie par les parents de Vincent Lambert, la cour d\u2019appel de Paris a ordonn\u00e9 \u00e0 \u00ab\u00a0l\u2019Etat fran\u00e7ais (\u2026) de prendre toutes mesures aux fins de faire respecter les mesures provisoires demand\u00e9es\u00a0\u00bb par le CIDPH. Pourtant, en premi\u00e8re instance, le tribunal de Paris s\u2019\u00e9tait d\u00e9clar\u00e9 incomp\u00e9tent pour faire appliquer la demande des parents du patient.<\/p>\n<p>La cour d\u2019appel s\u2019appuie sur la notion de \u00ab\u00a0voie de fait\u00a0\u00bb pour justifier sa comp\u00e9tence, estimant que l\u2019Etat a viol\u00e9 un droit fondamental. \u00ab\u00a0C\u2019est tr\u00e8s rare qu\u2019on se retourne contre l\u2019Etat devant l\u2019ordre judiciaire\u00a0\u00bb, explique \u00e0 l\u2019AFP Fr\u00e9d\u00e9ric Rolin, professeur de droit public \u00e0 l\u2019universit\u00e9 Paris Sud.<\/p>\n<p>\u00ab\u00a0Pour moi, il n\u2019y a pas de voie de fait\u00a0\u00bb, juge Paul Cassia, professeur de droit public \u00e0 l\u2019universit\u00e9 Panth\u00e9on-Sorbonne. \u00ab\u00a0J\u2019ai des doutes sur la comp\u00e9tence de la justice judiciaire\u00a0\u00bb, ajoute-t-il. \u00ab\u00a0L\u2019arr\u00eat est compl\u00e8tement contradictoire avec ce qu\u2019a jug\u00e9 le tribunal administratif le 15 mai\u00a0\u00bb. Il faudra donc que la Cour de cassation, plus haute juridiction de l\u2019ordre judiciaire, \u00ab\u00a0tranche sur la comp\u00e9tence et sur le fond\u00a0\u00bb.<\/p>\n<p>Pour Fr\u00e9d\u00e9ric Rolin, il y a deux explications \u00e0 l\u2019arr\u00eat inattendu de la cour d\u2019appel. \u00ab\u00a0Quand on est dans une situation aussi grave que celle qui conduit \u00e0 mettre fin \u00e0 la vie d\u2019un homme, il y a l\u2019id\u00e9e qu\u2019on doit aller jusqu\u2019au bout du processus juridique, et peut-\u00eatre m\u00eame des processus juridiques non contraignants\u00a0\u00bb.<\/p>\n<p>Il propose une explication plus politique, sur fond de \u00ab\u00a0tensions\u00a0\u00bb entre les ordres administratifs et judiciaires. \u00ab\u00a0Parfois, les magistrats judiciaires sont un peu agac\u00e9s par la mani\u00e8re dont fonctionne la justice administrative. Il y a chez certains juges judiciaires, l\u2019id\u00e9e que le juge administratif est trop favorable \u00e0 l\u2019administration et que dans des cas de particuli\u00e8re gravit\u00e9, le juge judiciaire doit pouvoir reprendre la main\u00a0\u00bb.<\/p>\n<p>Q. Y-a-t-il un \u00ab\u00a0acharnement judiciaire\u00a0\u00bb dans l\u2019affaire Vincent Lambert?<\/p>\n<p>R. \u00ab\u00a0A l\u2019\u00e9poque de la peine de mort, les avocats essayaient de trouver tous les recours possibles et imaginables pour arriver \u00e0 faire tomber la condamnation \u00e0 mort de leur client\u00a0\u00bb, explique Fr\u00e9d\u00e9ric Rolin. \u00ab\u00a0Qu\u2019on cherche tous les recours possibles, quand la vie d\u2019un homme est en jeu, \u00e7a ne me parait pas d\u00e9raisonnable. Je ne pense pas qu\u2019on puisse parler d\u2019acharnement judiciaire\u00a0\u00bb dans l\u2019affaire Lambert, ajoute le professeur.<\/p>\n<p>\u00ab\u00a0Il peut y avoir des contradictions entre les d\u00e9cisions, mais \u00e7a fait partie du processus judiciaire\u00a0\u00bb, poursuit-il. \u00ab\u00a0C\u2019est un processus qui me parait logique dans un univers de droit complexe avec des enjeux importants\u00a0\u00bb.<\/p>\n<p>\u00ab\u00a0Il y a des voies de droit et elles sont faites pour \u00eatre utilis\u00e9es\u00a0\u00bb, rench\u00e9rit Paul Cassia. \u00ab\u00a0Je ne crois pas que ni les parents de Vincent Lambert ni son \u00e9pouse aient \u00e9t\u00e9 condamn\u00e9s pour recours abusif. Par cons\u00e9quence, chacune des parties est dans son r\u00f4le en essayant d\u2019obtenir la poursuite ou l\u2019arr\u00eat des traitements\u00a0\u00bb.<\/p>\n<\/div>\n<p>Auteur: AFP<br \/>\n<a href=\"https:\/\/www.journalducameroun.com\/fr\/laffaire-vincent-lambert-un-imbroglio-familial-mais-aussi-judiciaire\/\">Cliquez ici pour lire l&rsquo;article depuis sa source.<\/a><\/p>\n","protected":false},"excerpt":{"rendered":"<p>Publi\u00e9 le 21.05.2019 \u00e0 19h50 par AFP Les traitements de Vincent Lambert, patient t\u00e9trapl\u00e9gique en \u00e9tat v\u00e9g\u00e9tatif depuis dix ans, ont repris mardi apr\u00e8s un arr\u00eat de la cour d\u2019appel de Paris. Ce coup de th\u00e9\u00e2tre interroge: comment, depuis six ans, la justice a-t-elle pu prendre autant de d\u00e9cisions qui apparaissent contradictoires? Question: Juge administratif, [&hellip;]<\/p>\n","protected":false},"author":1965,"featured_media":0,"comment_status":"closed","ping_status":"closed","sticky":false,"template":"","format":"standard","meta":{"fifu_image_url":"","fifu_image_alt":"","footnotes":""},"categories":[73,82],"tags":[],"class_list":["post-35842","post","type-post","status-publish","format-standard","hentry","category-actualite","category-cameroun"],"_links":{"self":[{"href":"https:\/\/linitiative.ca\/International\/wp-json\/wp\/v2\/posts\/35842","targetHints":{"allow":["GET"]}}],"collection":[{"href":"https:\/\/linitiative.ca\/International\/wp-json\/wp\/v2\/posts"}],"about":[{"href":"https:\/\/linitiative.ca\/International\/wp-json\/wp\/v2\/types\/post"}],"author":[{"embeddable":true,"href":"https:\/\/linitiative.ca\/International\/wp-json\/wp\/v2\/users\/1965"}],"replies":[{"embeddable":true,"href":"https:\/\/linitiative.ca\/International\/wp-json\/wp\/v2\/comments?post=35842"}],"version-history":[{"count":0,"href":"https:\/\/linitiative.ca\/International\/wp-json\/wp\/v2\/posts\/35842\/revisions"}],"wp:attachment":[{"href":"https:\/\/linitiative.ca\/International\/wp-json\/wp\/v2\/media?parent=35842"}],"wp:term":[{"taxonomy":"category","embeddable":true,"href":"https:\/\/linitiative.ca\/International\/wp-json\/wp\/v2\/categories?post=35842"},{"taxonomy":"post_tag","embeddable":true,"href":"https:\/\/linitiative.ca\/International\/wp-json\/wp\/v2\/tags?post=35842"}],"curies":[{"name":"wp","href":"https:\/\/api.w.org\/{rel}","templated":true}]}}