{"id":35844,"date":"2019-05-21T15:18:02","date_gmt":"2019-05-21T19:18:02","guid":{"rendered":"https:\/\/linitiative.ca\/International\/un-industriel-libano-senegalais-interpelle-a-conakry-pour-gestion-clandestine\/"},"modified":"2019-05-21T15:18:02","modified_gmt":"2019-05-21T19:18:02","slug":"un-industriel-libano-senegalais-interpelle-a-conakry-pour-gestion-clandestine","status":"publish","type":"post","link":"https:\/\/linitiative.ca\/International\/un-industriel-libano-senegalais-interpelle-a-conakry-pour-gestion-clandestine\/","title":{"rendered":"Un industriel libano-s\u00e9n\u00e9galais interpell\u00e9 \u00e0 Conakry pour gestion \u00ab clandestine \u00bb"},"content":{"rendered":"<div readability=\"32\">\n<p>Publi\u00e9 le 21.05.2019 \u00e0 20h18 par APA News<\/p>\n<\/div>\n<div readability=\"59\">\n<p>Le Secr\u00e9tariat g\u00e9n\u00e9ral des services sp\u00e9ciaux, de la lutte contre la drogue et le crime organis\u00e9 et l\u2019Office de r\u00e9pression des d\u00e9lits \u00e9conomiques et financiers ont interpell\u00e9, mardi \u00e0 Conakry, le Libano-s\u00e9n\u00e9galais Zoher Didy, propri\u00e9taire de SOFAL-Guin\u00e9e, une usine qui fabrique des produits alimentaires, cosm\u00e9tiques et d\u00e9tergents, pour gestion d\u2019une unit\u00e9 industrielle \u00ab clandestine \u00bb.Selon le colonel Moussa Ti\u00e8gboro, Secr\u00e9taire g\u00e9n\u00e9ral \u00e0 la Pr\u00e9sidence, charg\u00e9 des services sp\u00e9ciaux, de la lutte contre la drogue et le crime organis\u00e9, le Libano-s\u00e9n\u00e9galais est poursuivi pour d\u00e9lit \u00e9conomique et crime organis\u00e9.<\/p>\n<p>\u00ab Cette entreprise reste ferm\u00e9e toute la journ\u00e9e pendant que les gens travaillent \u00e0 l\u2019int\u00e9rieur. C\u2019est m\u00eame un four cr\u00e9matoire. Ils travaillent pour enrichir illicitement un monsieur. Il faut \u00eatre un chasseur de singe pour d\u00e9couvrir l\u2019enseigne de cette soci\u00e9t\u00e9 \u00bb, a fustig\u00e9 M. Ti\u00e8gboro.<\/p>\n<p>Face \u00e0 la presse, le pr\u00e9sum\u00e9 coupable a ni\u00e9 les faits qui lui sont reproch\u00e9s. \u00a0\u00ab J\u2019ai entendu les services sp\u00e9ciaux parler d\u2019une exactitude totalement fausse uniquement dans le but de faire leur publicit\u00e9. Je dis et je r\u00e9p\u00e8te qu\u2019il n\u2019y a pas un seul produit contrefait dans mon entreprise \u00bb, s\u2019est d\u00e9fendu\u00a0Zoher Didy.<\/p>\n<\/div>\n<p>Auteur: APA News<br \/>\n<a href=\"https:\/\/www.journalducameroun.com\/fr\/un-industriel-libano-senegalais-interpelle-a-conakry-pour-gestion-clandestine\/\">Cliquez ici pour lire l&rsquo;article depuis sa source.<\/a><\/p>\n","protected":false},"excerpt":{"rendered":"<p>Publi\u00e9 le 21.05.2019 \u00e0 20h18 par APA News Le Secr\u00e9tariat g\u00e9n\u00e9ral des services sp\u00e9ciaux, de la lutte contre la drogue et le crime organis\u00e9 et l\u2019Office de r\u00e9pression des d\u00e9lits \u00e9conomiques et financiers ont interpell\u00e9, mardi \u00e0 Conakry, le Libano-s\u00e9n\u00e9galais Zoher Didy, propri\u00e9taire de SOFAL-Guin\u00e9e, une usine qui fabrique des produits alimentaires, cosm\u00e9tiques et d\u00e9tergents, [&hellip;]<\/p>\n","protected":false},"author":1965,"featured_media":0,"comment_status":"closed","ping_status":"closed","sticky":false,"template":"","format":"standard","meta":{"fifu_image_url":"","fifu_image_alt":"","footnotes":""},"categories":[73,82],"tags":[],"class_list":["post-35844","post","type-post","status-publish","format-standard","hentry","category-actualite","category-cameroun"],"_links":{"self":[{"href":"https:\/\/linitiative.ca\/International\/wp-json\/wp\/v2\/posts\/35844","targetHints":{"allow":["GET"]}}],"collection":[{"href":"https:\/\/linitiative.ca\/International\/wp-json\/wp\/v2\/posts"}],"about":[{"href":"https:\/\/linitiative.ca\/International\/wp-json\/wp\/v2\/types\/post"}],"author":[{"embeddable":true,"href":"https:\/\/linitiative.ca\/International\/wp-json\/wp\/v2\/users\/1965"}],"replies":[{"embeddable":true,"href":"https:\/\/linitiative.ca\/International\/wp-json\/wp\/v2\/comments?post=35844"}],"version-history":[{"count":0,"href":"https:\/\/linitiative.ca\/International\/wp-json\/wp\/v2\/posts\/35844\/revisions"}],"wp:attachment":[{"href":"https:\/\/linitiative.ca\/International\/wp-json\/wp\/v2\/media?parent=35844"}],"wp:term":[{"taxonomy":"category","embeddable":true,"href":"https:\/\/linitiative.ca\/International\/wp-json\/wp\/v2\/categories?post=35844"},{"taxonomy":"post_tag","embeddable":true,"href":"https:\/\/linitiative.ca\/International\/wp-json\/wp\/v2\/tags?post=35844"}],"curies":[{"name":"wp","href":"https:\/\/api.w.org\/{rel}","templated":true}]}}