{"id":35846,"date":"2019-05-21T15:50:01","date_gmt":"2019-05-21T19:50:01","guid":{"rendered":"https:\/\/linitiative.ca\/International\/onu-libye-crainte-d-une-guerre-longue-debat-sur-une-separation-des-belligerants\/"},"modified":"2019-05-21T15:50:01","modified_gmt":"2019-05-21T19:50:01","slug":"onu-libye-crainte-d-une-guerre-longue-debat-sur-une-separation-des-belligerants","status":"publish","type":"post","link":"https:\/\/linitiative.ca\/International\/onu-libye-crainte-d-une-guerre-longue-debat-sur-une-separation-des-belligerants\/","title":{"rendered":"ONU\/Libye: crainte d&rsquo;\u00a0\u00bbune guerre longue\u00a0\u00bb, d\u00e9bat sur une s\u00e9paration des bellig\u00e9rants"},"content":{"rendered":"<div readability=\"32\">\n<p>Publi\u00e9 le 21.05.2019 \u00e0 20h50 par AFP<\/p>\n<\/div>\n<div readability=\"148\">\n<p>L\u2019\u00e9missaire de l\u2019ONU pour la Libye, Ghassan Salam\u00e9, a craint mardi \u00ab\u00a0le d\u00e9but d\u2019une guerre longue et sanglante\u00a0\u00bb devant le Conseil de s\u00e9curit\u00e9 qui a d\u00e9battu ensuite \u00e0 huis clos de la possibilit\u00e9 d\u2019\u00e9tablir une ligne s\u00e9parant les bellig\u00e9rants.<\/p>\n<p>Lanc\u00e9e le 4 avril par les troupes de l\u2019homme fort de l\u2019est du pays, le mar\u00e9chal Khalifa Haftar, la bataille pour Tripoli \u00ab\u00a0pourrait conduire \u00e0 la division permanente du pays\u00a0\u00bb, a averti Ghassan Salam\u00e9. \u00ab\u00a0La Libye est sur le point de tomber dans une guerre civile\u00a0\u00bb, a-t-il ajout\u00e9, en exhortant le Conseil de s\u00e9curit\u00e9 \u00e0 stopper le flot d\u2019armes arrivant dans le pays.<\/p>\n<p>Selon des diplomates, lors de discussions \u00e0 huis clos tenues apr\u00e8s la r\u00e9union publique, l\u2019id\u00e9e \u00e0 l\u2019origine fran\u00e7aise de s\u00e9parer aux abords de Tripoli les bellig\u00e9rants en \u00e9tablissant un \u00ab\u00a0couloir\u00a0\u00bb a \u00e9t\u00e9 \u00e9voqu\u00e9e. Dans ce cadre, chaque partie serait amen\u00e9e \u00ab\u00a0\u00e0 reculer\u00a0\u00bb et la ligne de d\u00e9limitation cr\u00e9\u00e9e serait garantie par un m\u00e9canisme international \u00e0 d\u00e9finir, a pr\u00e9cis\u00e9 un diplomate.<\/p>\n<p>D\u00e9but mai, le pr\u00e9sident fran\u00e7ais Emmanuel Macron avait propos\u00e9 une \u00ab\u00a0d\u00e9limitation de la ligne de cessez-le-feu, sous supervision internationale\u00a0\u00bb, lors d\u2019une rencontre \u00e0 Paris avec le Premier ministre libyen Fayez al-Sarraj. Emmanuel Macron avait par la suite rencontr\u00e9 son adversaire, Khalifa Haftar.<\/p>\n<p>Aujourd\u2019hui, les positions militaires des deux camps sont fig\u00e9es et plusieurs livraisons d\u2019armements ont \u00e9t\u00e9 signal\u00e9es r\u00e9cemment en d\u00e9pit de l\u2019embargo sur les armes d\u00e9cr\u00e9t\u00e9 par l\u2019ONU pour ce pays depuis 2011.<\/p>\n<p>Le mar\u00e9chal Haftar est notamment soutenu par les Emirats arabes unis et l\u2019Egypte. A l\u2019inverse, la Turquie et le Qatar lui sont hostiles et appuient les forces loyales au Gouvernement d\u2019union nationale (GNA) de Fayez al-Sarraj, reconnu par la communaut\u00e9 internationale et bas\u00e9 \u00e0 Tripoli.<\/p>\n<p>Face au conflit, le positionnement des Occidentaux, Etats-Unis en t\u00eate, et de la Russie reste ambigu. Si tous les membres du Conseil de s\u00e9curit\u00e9 ont fait mardi publiquement assaut de compliments pour soutenir Ghassan Salam\u00e9, la r\u00e9union \u00e0 huis clos n\u2019a pas permis d\u2019y voir beaucoup plus clair sur qui soutient qui, selon un diplomate ayant assist\u00e9 aux discussions.<\/p>\n<p>C\u00f4t\u00e9 am\u00e9ricain, un entretien t\u00e9l\u00e9phonique \u00e0 la mi-avril entre le pr\u00e9sident Donald Trump et Khalifa Haftar a provoqu\u00e9 des sp\u00e9culations sur le camp choisi par Washington. C\u00f4t\u00e9 russe, Moscou a affich\u00e9 son soutien au mar\u00e9chal Haftar.<\/p>\n<p>\u2013 \u00ab\u00a0Farce cynique\u00a0\u00bb \u2013<\/p>\n<p>En s\u00e9ance publique, Ghassan Salam\u00e9 a vivement d\u00e9plor\u00e9 que des armements arrivent en masse en Libye. Sans les citer nomm\u00e9ment, il a soulign\u00e9 que \u00ab\u00a0des pays alimentaient ce conflit sanglant\u00a0\u00bb. \u00ab\u00a0Les Nations unies doivent y mettre un terme\u00a0\u00bb, a-t-il exhort\u00e9. \u00ab\u00a0Sans un m\u00e9canisme robuste pour le faire appliquer, l\u2019embargo sur les armes en Libye va devenir une farce cynique\u00a0\u00bb, a-t-il insist\u00e9.<\/p>\n<p>A huis clos, le sujet n\u2019a gu\u00e8re \u00e9t\u00e9 abord\u00e9, selon un diplomate s\u2019exprimant sous couvert d\u2019anonymat. \u00ab\u00a0Le plus important, c\u2019est d\u2019arr\u00eater les flux d\u2019armement, mais personne ou presque n\u2019en a parl\u00e9\u00a0\u00bb, a-t-il d\u00e9plor\u00e9.<\/p>\n<p>Interrog\u00e9 par l\u2019AFP \u00e0 l\u2019issue de ce huis clos pour savoir s\u2019il \u00e9tait encourag\u00e9 par ses entretiens avec les 15 membres du Conseil, Ghassan Salam\u00e9 a r\u00e9pondu par l\u2019affirmative. Le visage ferm\u00e9, il a cependant refus\u00e9 de r\u00e9pondre \u00e0 des questions sur l\u2019unit\u00e9 du Conseil de s\u00e9curit\u00e9. Il y a quelques semaines, l\u2019\u00e9missaire de l\u2019ONU avait critiqu\u00e9 les approches divergentes de la communaut\u00e9 internationale qui n\u2019a pas r\u00e9ussi en avril \u00e0 s\u2019entendre sur une r\u00e9solution britannique r\u00e9clamant un cessez-le-feu.<\/p>\n<p>Selon l\u2019Organisation mondiale de la sant\u00e9, le conflit a fait 510 morts et 2.467 bless\u00e9s. Plus de 75.000 personnes ont aussi \u00e9t\u00e9 oblig\u00e9es de fuir et plus de 100.000 personnes sont prises au pi\u00e8ge des combats aux abords de Tripoli, d\u2019apr\u00e8s l\u2019ONU.<\/p>\n<p>En s\u00e9ance publique, Ghassan Salam\u00e9 a ass\u00e9n\u00e9 qu\u2019il \u00ab\u00a0n\u2019y avait pas de solution militaire en Libye\u00a0\u00bb et qu\u2019il \u00e9tait indispensable d\u2019avoir \u00ab\u00a0une cessation des hostilit\u00e9s\u00a0\u00bb avec un \u00ab\u00a0retour \u00e0 un processus politique sous l\u2019\u00e9gide de l\u2019ONU\u00a0\u00bb pour sortir le pays de la guerre.<\/p>\n<p>\u00ab\u00a0Aucun camp ne peut l\u2019emporter par la force\u00a0\u00bb, a abond\u00e9 l\u2019ambassadeur fran\u00e7ais, Fran\u00e7ois Delattre, en soulignant que \u00ab\u00a0l\u2019urgence \u00e9tait face au risque d\u2019escalade d\u2019\u00e9tablir un cessez-le-feu sans pr\u00e9conditions\u00a0\u00bb s\u2019appuyant sur un m\u00e9canisme international \u00ab\u00a0pour \u00eatre cr\u00e9dible\u00a0\u00bb.<\/p>\n<p>\u00ab\u00a0Toutes les parties doivent rejoindre la m\u00e9diation de l\u2019ONU\u00a0\u00bb, a affirm\u00e9 l\u2019ambassadeur am\u00e9ricain Jonathan Cohen. La Russie, qui refuse que le mar\u00e9chal Haftar soit tenu responsable de la d\u00e9gradation de la situation, a soulign\u00e9 \u00ab\u00a0la n\u00e9cessit\u00e9 de travailler avec toutes les parties sans en privil\u00e9gier une\u00a0\u00bb.<\/p>\n<\/div>\n<p>Auteur: AFP<br \/>\n<a href=\"https:\/\/www.journalducameroun.com\/fr\/onu-libye-crainte-dune-guerre-longue-debat-sur-une-separation-des-belligerants\/\">Cliquez ici pour lire l&rsquo;article depuis sa source.<\/a><\/p>\n","protected":false},"excerpt":{"rendered":"<p>Publi\u00e9 le 21.05.2019 \u00e0 20h50 par AFP L\u2019\u00e9missaire de l\u2019ONU pour la Libye, Ghassan Salam\u00e9, a craint mardi \u00ab\u00a0le d\u00e9but d\u2019une guerre longue et sanglante\u00a0\u00bb devant le Conseil de s\u00e9curit\u00e9 qui a d\u00e9battu ensuite \u00e0 huis clos de la possibilit\u00e9 d\u2019\u00e9tablir une ligne s\u00e9parant les bellig\u00e9rants. Lanc\u00e9e le 4 avril par les troupes de l\u2019homme [&hellip;]<\/p>\n","protected":false},"author":1965,"featured_media":0,"comment_status":"closed","ping_status":"closed","sticky":false,"template":"","format":"standard","meta":{"fifu_image_url":"","fifu_image_alt":"","footnotes":""},"categories":[73,82],"tags":[],"class_list":["post-35846","post","type-post","status-publish","format-standard","hentry","category-actualite","category-cameroun"],"_links":{"self":[{"href":"https:\/\/linitiative.ca\/International\/wp-json\/wp\/v2\/posts\/35846","targetHints":{"allow":["GET"]}}],"collection":[{"href":"https:\/\/linitiative.ca\/International\/wp-json\/wp\/v2\/posts"}],"about":[{"href":"https:\/\/linitiative.ca\/International\/wp-json\/wp\/v2\/types\/post"}],"author":[{"embeddable":true,"href":"https:\/\/linitiative.ca\/International\/wp-json\/wp\/v2\/users\/1965"}],"replies":[{"embeddable":true,"href":"https:\/\/linitiative.ca\/International\/wp-json\/wp\/v2\/comments?post=35846"}],"version-history":[{"count":0,"href":"https:\/\/linitiative.ca\/International\/wp-json\/wp\/v2\/posts\/35846\/revisions"}],"wp:attachment":[{"href":"https:\/\/linitiative.ca\/International\/wp-json\/wp\/v2\/media?parent=35846"}],"wp:term":[{"taxonomy":"category","embeddable":true,"href":"https:\/\/linitiative.ca\/International\/wp-json\/wp\/v2\/categories?post=35846"},{"taxonomy":"post_tag","embeddable":true,"href":"https:\/\/linitiative.ca\/International\/wp-json\/wp\/v2\/tags?post=35846"}],"curies":[{"name":"wp","href":"https:\/\/api.w.org\/{rel}","templated":true}]}}