{"id":35847,"date":"2019-05-21T15:50:03","date_gmt":"2019-05-21T19:50:03","guid":{"rendered":"https:\/\/linitiative.ca\/International\/libye-combats-violents-au-sud-de-tripoli-afp\/"},"modified":"2019-05-21T15:50:03","modified_gmt":"2019-05-21T19:50:03","slug":"libye-combats-violents-au-sud-de-tripoli-afp","status":"publish","type":"post","link":"https:\/\/linitiative.ca\/International\/libye-combats-violents-au-sud-de-tripoli-afp\/","title":{"rendered":"Libye: combats violents au sud de Tripoli (AFP)"},"content":{"rendered":"<div readability=\"32\">\n<p>Publi\u00e9 le 21.05.2019 \u00e0 20h50 par AFP<\/p>\n<\/div>\n<div readability=\"80\">\n<p>Les combats ont gagn\u00e9 en intensit\u00e9 mardi entre les forces loyales au Gouvernement d\u2019union nationale (GNA) et les troupes du mar\u00e9chal Khalifa Haftar au sud de la capitale libyenne, apr\u00e8s plusieurs jours d\u2019une accalmie relative, selon des journalistes de l\u2019AFP.<\/p>\n<p>Plus de six semaines apr\u00e8s le d\u00e9but de leur assaut sur Tripoli, le mar\u00e9chal Haftar, l\u2019homme fort de l\u2019est du pays, et son autoproclam\u00e9e Arm\u00e9e nationale libyenne (ANL), font toujours face \u00e0 une r\u00e9sistance farouche des forces du GNA, reconnu par la communaut\u00e9 internationale.<\/p>\n<p>Des tirs \u00e0 l\u2019artillerie lourde ont \u00e9t\u00e9 entendus mardi depuis le centre de la capitale. Il s\u2019agit des affrontements les plus violents depuis le d\u00e9but du mois de je\u00fbne musulman du ramadan, le 6 mai.<\/p>\n<p>Des affrontements ont eu lieu notamment dans le quartier de Salaheddine, en banlieue sud o\u00f9 les forces pro-GNA ont gagn\u00e9 du terrain, selon leur porte-parole Moustafa al-Mejii.<\/p>\n<p>Des journalistes de l\u2019AFP qui ont pu avoir acc\u00e8s au front mardi ont constat\u00e9 une avanc\u00e9e de deux \u00e0 trois kilom\u00e8tres des forces du GNA dans ce quartier r\u00e9sidentiel.<\/p>\n<p>M. Mejii a ajout\u00e9 que des avions de chasse du GNA ont appuy\u00e9 les troupes au sol, menant des frappes a\u00e9riennes notamment contre des chars et armes lourdes dans une caserne dans le m\u00eame secteur.<\/p>\n<p>Depuis le 4 avril, les combats ont fait 510 morts et 2.467 bless\u00e9s, selon un bilan communiqu\u00e9 lundi par l\u2019Organisation mondiale de la Sant\u00e9.<\/p>\n<p>Selon l\u2019ONU, plus de 75.000 personnes ont aussi \u00e9t\u00e9 oblig\u00e9es de fuir et plus de 100.000 personnes sont prises au pi\u00e8ge des combats aux abords de Tripoli.<\/p>\n<p>L\u2019\u00e9missaire de l\u2019ONU en Libye Ghassan Salam\u00e9 a mis en garde mardi contre une \u00ab\u00a0guerre longue et sanglante\u00a0\u00bb, devant le Conseil de s\u00e9curit\u00e9 \u00e0 New York.<\/p>\n<p>\u00ab\u00a0La Libye est sur le point de tomber dans une guerre civile qui pourrait conduire \u00e0 la division permanente du pays\u00a0\u00bb, a-t-il averti. \u00ab\u00a0Les d\u00e9g\u00e2ts d\u00e9j\u00e0 occasionn\u00e9s vont prendre des ann\u00e9es \u00e0 \u00eatre r\u00e9sorb\u00e9s et seulement si la guerre s\u2019arr\u00eate maintenant\u00a0\u00bb.<\/p>\n<\/div>\n<p>Auteur: AFP<br \/>\n<a href=\"https:\/\/www.journalducameroun.com\/fr\/libye-combats-violents-au-sud-de-tripoli-afp\/\">Cliquez ici pour lire l&rsquo;article depuis sa source.<\/a><\/p>\n","protected":false},"excerpt":{"rendered":"<p>Publi\u00e9 le 21.05.2019 \u00e0 20h50 par AFP Les combats ont gagn\u00e9 en intensit\u00e9 mardi entre les forces loyales au Gouvernement d\u2019union nationale (GNA) et les troupes du mar\u00e9chal Khalifa Haftar au sud de la capitale libyenne, apr\u00e8s plusieurs jours d\u2019une accalmie relative, selon des journalistes de l\u2019AFP. Plus de six semaines apr\u00e8s le d\u00e9but de [&hellip;]<\/p>\n","protected":false},"author":1965,"featured_media":0,"comment_status":"closed","ping_status":"closed","sticky":false,"template":"","format":"standard","meta":{"fifu_image_url":"","fifu_image_alt":"","footnotes":""},"categories":[73,82],"tags":[],"class_list":["post-35847","post","type-post","status-publish","format-standard","hentry","category-actualite","category-cameroun"],"_links":{"self":[{"href":"https:\/\/linitiative.ca\/International\/wp-json\/wp\/v2\/posts\/35847","targetHints":{"allow":["GET"]}}],"collection":[{"href":"https:\/\/linitiative.ca\/International\/wp-json\/wp\/v2\/posts"}],"about":[{"href":"https:\/\/linitiative.ca\/International\/wp-json\/wp\/v2\/types\/post"}],"author":[{"embeddable":true,"href":"https:\/\/linitiative.ca\/International\/wp-json\/wp\/v2\/users\/1965"}],"replies":[{"embeddable":true,"href":"https:\/\/linitiative.ca\/International\/wp-json\/wp\/v2\/comments?post=35847"}],"version-history":[{"count":0,"href":"https:\/\/linitiative.ca\/International\/wp-json\/wp\/v2\/posts\/35847\/revisions"}],"wp:attachment":[{"href":"https:\/\/linitiative.ca\/International\/wp-json\/wp\/v2\/media?parent=35847"}],"wp:term":[{"taxonomy":"category","embeddable":true,"href":"https:\/\/linitiative.ca\/International\/wp-json\/wp\/v2\/categories?post=35847"},{"taxonomy":"post_tag","embeddable":true,"href":"https:\/\/linitiative.ca\/International\/wp-json\/wp\/v2\/tags?post=35847"}],"curies":[{"name":"wp","href":"https:\/\/api.w.org\/{rel}","templated":true}]}}