{"id":35849,"date":"2019-05-21T16:18:05","date_gmt":"2019-05-21T20:18:05","guid":{"rendered":"https:\/\/linitiative.ca\/International\/gabon-limogeage-du-vice-president-et-du-ministre-des-forets\/"},"modified":"2019-05-21T16:18:05","modified_gmt":"2019-05-21T20:18:05","slug":"gabon-limogeage-du-vice-president-et-du-ministre-des-forets","status":"publish","type":"post","link":"https:\/\/linitiative.ca\/International\/gabon-limogeage-du-vice-president-et-du-ministre-des-forets\/","title":{"rendered":"Gabon : limogeage du vice-pr\u00e9sident et du ministre des For\u00eats"},"content":{"rendered":"<div readability=\"32\">\n<p>Publi\u00e9 le 21.05.2019 \u00e0 21h18 par APA News<\/p>\n<\/div>\n<div readability=\"64\">\n<p>Le Vice-pr\u00e9sident de la R\u00e9publique, Pierre Claver Maganga Moussavou et le ministre des For\u00eats et de l\u2019Environnement, charg\u00e9 du plan climat, Guy Bertrand Mapangou ont \u00e9t\u00e9 limog\u00e9s ce mardi en fin d\u2019apr\u00e8s-midi.Le d\u00e9cret de leur limogeage a \u00e9t\u00e9 lu \u00e0 la t\u00e9l\u00e9vision Gabon 1\u00e8re par le Secr\u00e9taire g\u00e9n\u00e9ral de la pr\u00e9sidence de la R\u00e9publique, Jean Yves Teale.<\/p>\n<p>Ce double limogeage fait suite \u00e0 la disparition de 353 conteneurs au port d\u2019Owendo, contenant des bois exotique, plus connu sous l\u2019appellation locale de Kevazingo.<\/p>\n<p>Le portefeuille des For\u00eats et de l\u2019environnement, charg\u00e9 du plan climat a \u00e9t\u00e9 rattach\u00e9 \u00e0 la Primature. En revanche, un autre vice-pr\u00e9sident n\u2019a pas \u00e9t\u00e9 nomm\u00e9 \u00e0 la place de Pierre Claver Maganga Moussavou.<\/p>\n<p>Le d\u00e9sormais ex ministre des For\u00eats, Guy Bertrand Mapangou s\u2019\u00e9tait expliqu\u00e9 sur sa page Facebook dimanche dernier, rejetant son implication de pr\u00e8s ou de loin dans ce vaste r\u00e9seau de trafic de bois.<\/p>\n<p>La semaine derni\u00e8re, le gouvernement a suspendu 13 hauts fonctionnaires des minist\u00e8res de l\u2019Economie et des For\u00eats dans le cadre de l\u2019enqu\u00eate ouverte sur cette affaire.<\/p>\n<p>A ce propos la ministre porte-parole du gouvernement, Nanette Longa Makinda avait demand\u00e9 aux ministres dont les collaborateurs ont \u00e9t\u00e9 suspendus de tirer toutes les cons\u00e9quences.<\/p>\n<\/div>\n<p>Auteur: APA News<br \/>\n<a href=\"https:\/\/www.journalducameroun.com\/fr\/gabon-limogeage-du-vice-president-et-du-ministre-des-forets\/\">Cliquez ici pour lire l&rsquo;article depuis sa source.<\/a><\/p>\n","protected":false},"excerpt":{"rendered":"<p>Publi\u00e9 le 21.05.2019 \u00e0 21h18 par APA News Le Vice-pr\u00e9sident de la R\u00e9publique, Pierre Claver Maganga Moussavou et le ministre des For\u00eats et de l\u2019Environnement, charg\u00e9 du plan climat, Guy Bertrand Mapangou ont \u00e9t\u00e9 limog\u00e9s ce mardi en fin d\u2019apr\u00e8s-midi.Le d\u00e9cret de leur limogeage a \u00e9t\u00e9 lu \u00e0 la t\u00e9l\u00e9vision Gabon 1\u00e8re par le Secr\u00e9taire [&hellip;]<\/p>\n","protected":false},"author":1965,"featured_media":0,"comment_status":"closed","ping_status":"closed","sticky":false,"template":"","format":"standard","meta":{"fifu_image_url":"","fifu_image_alt":"","footnotes":""},"categories":[73,82],"tags":[],"class_list":["post-35849","post","type-post","status-publish","format-standard","hentry","category-actualite","category-cameroun"],"_links":{"self":[{"href":"https:\/\/linitiative.ca\/International\/wp-json\/wp\/v2\/posts\/35849","targetHints":{"allow":["GET"]}}],"collection":[{"href":"https:\/\/linitiative.ca\/International\/wp-json\/wp\/v2\/posts"}],"about":[{"href":"https:\/\/linitiative.ca\/International\/wp-json\/wp\/v2\/types\/post"}],"author":[{"embeddable":true,"href":"https:\/\/linitiative.ca\/International\/wp-json\/wp\/v2\/users\/1965"}],"replies":[{"embeddable":true,"href":"https:\/\/linitiative.ca\/International\/wp-json\/wp\/v2\/comments?post=35849"}],"version-history":[{"count":0,"href":"https:\/\/linitiative.ca\/International\/wp-json\/wp\/v2\/posts\/35849\/revisions"}],"wp:attachment":[{"href":"https:\/\/linitiative.ca\/International\/wp-json\/wp\/v2\/media?parent=35849"}],"wp:term":[{"taxonomy":"category","embeddable":true,"href":"https:\/\/linitiative.ca\/International\/wp-json\/wp\/v2\/categories?post=35849"},{"taxonomy":"post_tag","embeddable":true,"href":"https:\/\/linitiative.ca\/International\/wp-json\/wp\/v2\/tags?post=35849"}],"curies":[{"name":"wp","href":"https:\/\/api.w.org\/{rel}","templated":true}]}}