{"id":35850,"date":"2019-05-21T16:50:01","date_gmt":"2019-05-21T20:50:01","guid":{"rendered":"https:\/\/linitiative.ca\/International\/argentine-lex-presidente-kirchner-jugee-pour-la-premiere-fois-pour-corruption\/"},"modified":"2019-05-21T16:50:01","modified_gmt":"2019-05-21T20:50:01","slug":"argentine-lex-presidente-kirchner-jugee-pour-la-premiere-fois-pour-corruption","status":"publish","type":"post","link":"https:\/\/linitiative.ca\/International\/argentine-lex-presidente-kirchner-jugee-pour-la-premiere-fois-pour-corruption\/","title":{"rendered":"Argentine: l\u2019ex-pr\u00e9sidente Kirchner jug\u00e9e pour la premi\u00e8re fois pour corruption"},"content":{"rendered":"<div readability=\"32\">\n<p>Publi\u00e9 le 21.05.2019 \u00e0 21h50 par AFP<\/p>\n<\/div>\n<div readability=\"160\">\n<p>Le premier proc\u00e8s pour corruption contre l\u2019ex-pr\u00e9sidente argentine Cristina Kirchner a d\u00e9but\u00e9 mardi, mais les diverses accusations de malversations qui la visent ne l\u2019emp\u00eachent pas de faire campagne pour briguer le fauteuil de vice-pr\u00e9sidente.<\/p>\n<p>Mme Kirchner, une avocate de 66 ans, est mise en examen dans plusieurs affaires en cours d\u2019instruction pour blanchiment, enrichissement personnel, d\u00e9tournements de fonds ou pour avoir re\u00e7u des pots de vin. Nombre de ses ministres ont \u00e9t\u00e9 plac\u00e9s en d\u00e9tention pr\u00e9ventive dans ces diff\u00e9rents dossiers.<\/p>\n<p>La date n\u2019a pas encore \u00e9t\u00e9 fix\u00e9e, mais elle sera jug\u00e9e dans un autre proc\u00e8s pour blanchiment en compagnie de ses deux enfants.<\/p>\n<p>Assise au 4e et dernier rang, \u00e0 distance de ses co-accus\u00e9s, Mme Kirchner a \u00e9cout\u00e9 les juges lire l\u2019acte d\u2019accusation. L\u2019audience a dur\u00e9 trois heures. Elle est jug\u00e9e pour l\u2019attribution frauduleuse, pendant sa pr\u00e9sidence, de march\u00e9s publics dans son fief de la province de Santa Cruz, en Patagonie.<\/p>\n<p>Cette province sous-peupl\u00e9e qui s\u2019\u00e9tend des Andes \u00e0 l\u2019Atlantique a concentr\u00e9 un niveau inhabituel de chantiers publics durant les ann\u00e9es Kirchner, sur-factur\u00e9s et souvent non termin\u00e9s, rel\u00e8ve l\u2019acte d\u2019accusation.<\/p>\n<p>\u2013 \u00ab\u00a0pers\u00e9cution\u00a0\u00bb \u2013<\/p>\n<p>Au palais de justice, Cristina Kirchner n\u2019a fait aucune d\u00e9claration mais elle avait auparavant d\u00e9nonc\u00e9 sur les r\u00e9seaux sociaux \u00ab\u00a0un acte de pers\u00e9cution\u00a0\u00bb de la part du pr\u00e9sident de centre droit Mauricio Macri, \u00ab\u00a0dont l\u2019unique objectif est de placer une ex-pr\u00e9sidente et opposante sur le banc des accus\u00e9s, en pleine campagne \u00e9lectorale\u00a0\u00bb.<\/p>\n<p>\u00ab\u00a0C\u2019est un acte de justice, avec des juges, nomm\u00e9s pendant sa gestion ou celle de son mari\u00a0\u00bb, a ripost\u00e9 le ministre de la Justice German Garavano.<\/p>\n<p>\u00ab\u00a0C\u2019est un proc\u00e8s sans pr\u00e9c\u00e9dent en Argentine pour un ex-pr\u00e9sident\u00a0\u00bb, a estim\u00e9 le politologue Rosendo Fraga.<\/p>\n<p>\u00ab\u00a0C\u2019est un jour historique. J\u2019esp\u00e8re qu\u2019elle pourra demander pardon. C\u2019\u00e9tait une politique d\u2019\u00c9tat (de corruption) et elle \u00e9tait la cheffe de l\u2019association illicite\u00a0\u00bb, a d\u00e9clar\u00e9 Mariana Zuvic, ex-d\u00e9put\u00e9e de la province de Santa Cruz.<\/p>\n<p>Cristina Kirchner a annonc\u00e9 samedi qu\u2019elle renon\u00e7ait \u00e0 postuler \u00e0 la pr\u00e9sidence lors de l\u2019\u00e9lection du 27 octobre. C\u2019est un de ses lieutenants, Alberto Fernandez, qui convoitera la pr\u00e9sidence, et elle, la vice-pr\u00e9sidence.<\/p>\n<p>Mme Kirchner avait succ\u00e9d\u00e9 \u00e0 son mari Nestor Kirchner, pr\u00e9sident de 2003 \u00e0 2007. Il est d\u00e9c\u00e9d\u00e9 d\u2019une crise cardiaque en 2010.<\/p>\n<p>\u2013 Immunit\u00e9 \u2013<\/p>\n<p>Mardi, l\u2019audience purement protocolaire a rassembl\u00e9 trois personnages cl\u00e9s du clan Kirchner, qui sont cit\u00e9s en compagnie de Mme Kirchner dans plusieurs proc\u00e9dures.<\/p>\n<p>Il s\u2019agit de l\u2019homme d\u2019affaires Lazaro Baez, dont les entreprises remportaient la plupart des appels d\u2019offres dans la province de Santa Cruz, l\u2019ex-ministre de la Planification (Travaux publics) Julio De Vido et son vice-ministre Jos\u00e9 Lopez.<\/p>\n<p>Ce dernier avait fait la une de l\u2019actualit\u00e9 en juin 2016 quand il avait \u00e9t\u00e9 interpell\u00e9 en pleine nuit, en train de dissimuler des sacs contenant 9 millions de dollars en liquide dans un couvent, pr\u00e8s de Buenos Aires.<\/p>\n<p>Tous les trois, des proches de Nestor Kirchner, sont en d\u00e9tention pr\u00e9ventive et l\u2019ex-pr\u00e9sidente le serait \u00e9galement sans son immunit\u00e9 de s\u00e9natrice.<\/p>\n<p>Le proc\u00e8s pour les chantiers factur\u00e9s mais parfois non r\u00e9alis\u00e9s devait d\u00e9buter en f\u00e9vrier, mais la mort d\u2019un des juges a contraint \u00e0 ce qu\u2019il soit reprogramm\u00e9 pour le 21 mai.<\/p>\n<p>Dans le cadre de l\u2019instruction, les domiciles de Mme Kirchner en Patagonie et \u00e0 Buenos Aires ont \u00e9t\u00e9 perquisitionn\u00e9s.<\/p>\n<p>Le proc\u00e8s devrait durer un an, au rythme d\u2019une audience par semaine. Lundi prochain, les juges<\/p>\n<p>D\u2019apr\u00e8s un de ses avocats, Gregorio Dalbon, l\u2019accusation contre Mme Kirchner est \u00ab\u00a0mont\u00e9e de toutes pi\u00e8ces\u00a0\u00bb.<\/p>\n<p>Comme certaines personnes de l\u2019administration Kirchner l\u2019ont fait, l\u2019ancienne pr\u00e9sidente devrait se repentir et collaborer avec la justice, a d\u00e9clar\u00e9 un des repentis dans une autre proc\u00e9dure, Victor Manzanares, le comptable historique des Kirchner. \u00ab\u00a0Que justice soit faite\u00a0\u00bb, dit-il, en pronostiquant des \u00ab\u00a0condamnations\u00a0\u00bb.<\/p>\n<p>En Am\u00e9rique latine, une douzaine d\u2019ex-pr\u00e9sidents ou vice-pr\u00e9sidents sont en prison, en fuite, impliqu\u00e9s ou destitu\u00e9s pour des affaires de corruption, dont le Br\u00e9silien Lula et les quatre derniers dirigeants p\u00e9ruviens.<\/p>\n<\/div>\n<p>Auteur: AFP<br \/>\n<a href=\"https:\/\/www.journalducameroun.com\/fr\/argentine-lex-presidente-kirchner-jugee-pour-la-premiere-fois-pour-corruption-2\/\">Cliquez ici pour lire l&rsquo;article depuis sa source.<\/a><\/p>\n","protected":false},"excerpt":{"rendered":"<p>Publi\u00e9 le 21.05.2019 \u00e0 21h50 par AFP Le premier proc\u00e8s pour corruption contre l\u2019ex-pr\u00e9sidente argentine Cristina Kirchner a d\u00e9but\u00e9 mardi, mais les diverses accusations de malversations qui la visent ne l\u2019emp\u00eachent pas de faire campagne pour briguer le fauteuil de vice-pr\u00e9sidente. Mme Kirchner, une avocate de 66 ans, est mise en examen dans plusieurs affaires [&hellip;]<\/p>\n","protected":false},"author":1965,"featured_media":0,"comment_status":"closed","ping_status":"closed","sticky":false,"template":"","format":"standard","meta":{"fifu_image_url":"","fifu_image_alt":"","footnotes":""},"categories":[73,82],"tags":[],"class_list":["post-35850","post","type-post","status-publish","format-standard","hentry","category-actualite","category-cameroun"],"_links":{"self":[{"href":"https:\/\/linitiative.ca\/International\/wp-json\/wp\/v2\/posts\/35850","targetHints":{"allow":["GET"]}}],"collection":[{"href":"https:\/\/linitiative.ca\/International\/wp-json\/wp\/v2\/posts"}],"about":[{"href":"https:\/\/linitiative.ca\/International\/wp-json\/wp\/v2\/types\/post"}],"author":[{"embeddable":true,"href":"https:\/\/linitiative.ca\/International\/wp-json\/wp\/v2\/users\/1965"}],"replies":[{"embeddable":true,"href":"https:\/\/linitiative.ca\/International\/wp-json\/wp\/v2\/comments?post=35850"}],"version-history":[{"count":0,"href":"https:\/\/linitiative.ca\/International\/wp-json\/wp\/v2\/posts\/35850\/revisions"}],"wp:attachment":[{"href":"https:\/\/linitiative.ca\/International\/wp-json\/wp\/v2\/media?parent=35850"}],"wp:term":[{"taxonomy":"category","embeddable":true,"href":"https:\/\/linitiative.ca\/International\/wp-json\/wp\/v2\/categories?post=35850"},{"taxonomy":"post_tag","embeddable":true,"href":"https:\/\/linitiative.ca\/International\/wp-json\/wp\/v2\/tags?post=35850"}],"curies":[{"name":"wp","href":"https:\/\/api.w.org\/{rel}","templated":true}]}}