{"id":35867,"date":"2019-05-21T12:14:17","date_gmt":"2019-05-21T16:14:17","guid":{"rendered":"https:\/\/linitiative.ca\/International\/chantiers-de-ferdinand-ngon-kemoum-nouveau-directeur-general-doragroup\/"},"modified":"2019-05-21T12:14:17","modified_gmt":"2019-05-21T16:14:17","slug":"chantiers-de-ferdinand-ngon-kemoum-nouveau-directeur-general-doragroup","status":"publish","type":"post","link":"https:\/\/linitiative.ca\/International\/chantiers-de-ferdinand-ngon-kemoum-nouveau-directeur-general-doragroup\/","title":{"rendered":"Chantiers de Ferdinand Ngon Kemoum, nouveau directeur g\u00e9n\u00e9ral d\u2019Oragroup"},"content":{"rendered":"<div class=\"entry-content entry clearfix\" readability=\"69\">\n<p><a href=\"https:\/\/i2.wp.com\/ecomatin.net\/wp-content\/uploads\/2019\/05\/ecomatin.net-chantiers-de-ferdinand-ngon-kemoum-nouveau-directeur-general-doragroup-ngon-kemoum-ferdinand-1.png?ssl=1\"><\/p>\n<p><img loading=\"lazy\" decoding=\"async\" data-attachment-id=\"8346\" data-permalink=\"https:\/\/ecomatin.net\/chantiers-de-ferdinand-ngon-kemoum-nouveau-directeur-general-doragroup\/ngon-kemoum-ferdinand-2\/\" data-orig-file=\"https:\/\/i2.wp.com\/ecomatin.net\/wp-content\/uploads\/2019\/05\/ecomatin.net-chantiers-de-ferdinand-ngon-kemoum-nouveau-directeur-general-doragroup-ngon-kemoum-ferdinand-1.png?fit=300%2C300&#038;ssl=1\" data-orig-size=\"300,300\" data-comments-opened=\"0\" data-image-meta=\"{\"aperture\":\"0\",\"credit\":\"\",\"camera\":\"\",\"caption\":\"\",\"created_timestamp\":\"0\",\"copyright\":\"\",\"focal_length\":\"0\",\"iso\":\"0\",\"shutter_speed\":\"0\",\"title\":\"\",\"orientation\":\"0\"}\" data-image-title=\"Ngon Kemoum Ferdinand\" data-image-description=\"\" data-medium-file=\"https:\/\/i2.wp.com\/ecomatin.net\/wp-content\/uploads\/2019\/05\/ecomatin.net-chantiers-de-ferdinand-ngon-kemoum-nouveau-directeur-general-doragroup-ngon-kemoum-ferdinand-1.png?fit=300%2C300&#038;ssl=1\" data-large-file=\"https:\/\/i2.wp.com\/ecomatin.net\/wp-content\/uploads\/2019\/05\/ecomatin.net-chantiers-de-ferdinand-ngon-kemoum-nouveau-directeur-general-doragroup-ngon-kemoum-ferdinand-1.png?fit=300%2C300&#038;ssl=1\" class=\" wp-image-8346 alignleft\" src=\"https:\/\/i2.wp.com\/ecomatin.net\/wp-content\/uploads\/2019\/05\/ecomatin.net-chantiers-de-ferdinand-ngon-kemoum-nouveau-directeur-general-doragroup-ngon-kemoum-ferdinand-1.png?resize=173%2C173&#038;ssl=1\" alt=\"\" width=\"173\" height=\"173\" srcset=\"https:\/\/i2.wp.com\/ecomatin.net\/wp-content\/uploads\/2019\/05\/ecomatin.net-chantiers-de-ferdinand-ngon-kemoum-nouveau-directeur-general-doragroup-ngon-kemoum-ferdinand-1.png?w=300&#038;ssl=1 300w, https:\/\/i2.wp.com\/ecomatin.net\/wp-content\/uploads\/2019\/05\/ecomatin.net-chantiers-de-ferdinand-ngon-kemoum-nouveau-directeur-general-doragroup-ngon-kemoum-ferdinand-1.png?resize=150%2C150&#038;ssl=1 150w\" sizes=\"auto, (max-width: 173px) 100vw, 173px\" data-recalc-dims=\"1\"\/><\/p>\n<p><\/a>A partir du 1<sup>er<\/sup> juin prochain, le Camerounais <strong>Ferdinand Ngon Kemoum<\/strong>, prend les commandes d\u2019<strong>Oragroup<\/strong> en remplacement de la malienne <strong>Binta Tour\u00e9 Ndoye<\/strong>. \u00a0Le banquier \u00e2g\u00e9 de 58 ans \u00e9tait jusque-l\u00e0 directeur g\u00e9n\u00e9ral pour l\u2019Afrique centrale du fonds de private equity <strong>ECP<\/strong>, actionnaire de r\u00e9f\u00e9rence de la banque. L\u2019annonce a \u00e9t\u00e9 faite vendredi 17 mai alors que <strong>Vincent Le Guennou<\/strong>, pr\u00e9sident du Conseil d\u2019administration d\u2019Oragroup pr\u00e9sentait les r\u00e9sultats 2018 du groupe bancaire. \u00a0Le nouveau patron h\u00e9rite d\u2019un groupe qui affiche des indicateurs positifs en 2018, notamment un PNB et un r\u00e9sultat net respectivement en hausse de <strong>17%<\/strong> et <strong>36%<\/strong> \u00e0 <strong>221 millions de dollars<\/strong> et <strong>51,9 millions de dollars<\/strong> ou un total de bilan qui s\u2019est accru de <strong>21%<\/strong> \u00e0 <strong>3,7 milliards de dollars<\/strong>, quand les d\u00e9p\u00f4ts de la client\u00e8le du r\u00e9seau et les op\u00e9rations de cr\u00e9dits sont respectivement en hausse de <strong>24%<\/strong> et <strong>16%<\/strong> \u00e0 <strong>1 462 milliards de francs CFA<\/strong> et <strong>1 255 milliards de francs CFA<\/strong>.<\/p>\n<p>Ferdinand Ngon Kemoum, devra perp\u00e9tuer, voire am\u00e9liorer la sant\u00e9 financi\u00e8re du groupe bancaire et porter au plus haut niveau ses ambitions. D\u2019autant que, l\u2019une des plus belles r\u00e9ussites de son pr\u00e9d\u00e9cesseur restera certainement l\u2019IPO sur la <strong>BVRM<\/strong> en avril du groupe bancaire bas\u00e9 \u00e0 Lom\u00e9, laquelle est \u00e0 ce jour la plus importante introduction en bourse connue par cette place boursi\u00e8re, avec <strong>86 millions d\u2019euros<\/strong> lev\u00e9s. En plus, Oragroup a vu ses filiales du Togo, du S\u00e9n\u00e9gal et du Burkina Faso d\u00e9crocher le prix de la meilleure banque dans chacun de ces pays par le magazine The Banker en novembre dernier<\/p>\n<p><strong>\u00a0<\/strong>Jusque-l\u00e0 directeur g\u00e9n\u00e9ral de <strong>Emerging Capital Partners<\/strong> (ECP) et \u00e0 la t\u00eate du bureau de Douala, Ferdinand Kemoum Ngon est un financier camerounais, riche d\u2019une trentaine d\u2019ann\u00e9e d\u2019exp\u00e9rience, d\u00e9marr\u00e9e dans la place parisienne et construite au sein de banques internationales, notamment en Afrique du Sud et au Rwanda. Avant de rejoindre ECP, il \u00e9tait directeur g\u00e9n\u00e9ral <strong>Framlington Asset Management Central Africa<\/strong>, une filiale du groupe <strong>HSBC<\/strong>, o\u00f9 il a notamment lanc\u00e9 le <strong>Central Africa Growth Fund<\/strong>, un fonds d\u00e9di\u00e9 aux PME de la sous-r\u00e9gion et appuy\u00e9 par des agences de d\u00e9veloppement. Il est administrateur d\u2019Oragroup depuis avril 2018, PCA de la filiale tchadienne et si\u00e8ge au sein de plusieurs conseils d\u2019administration \u00e0 travers le Continent.<\/p>\n<div class=\"about-author about-author-box container-wrapper\">\n<div class=\"author-avatar\">\n<p><img decoding=\"async\" src=\"http:\/\/\" alt=\"\"\/><\/p>\n<\/div>\n<p><h4>La R\u00e9daction EcoMatin<\/h4>\n<\/p>\n<\/div>\n<div class=\"awac-wrapper awac widget blog_subscription-2\">\n<h4 class=\"widget-title\">Abonnez-vous \u00e0 notre lettre d&rsquo;information<\/h4>\n<\/div>\n<\/div>\n<div class=\"toggle-post-content clearfix\"><a id=\"toggle-post-button\" class=\"button\" href=\"#\">Afficher plus <\/a><\/div>\n<p>Auteur: EcoMatin<br \/>\n<a href=\"https:\/\/ecomatin.net\/chantiers-de-ferdinand-ngon-kemoum-nouveau-directeur-general-doragroup\/\">Cliquez ici pour lire l&rsquo;article depuis sa source.<\/a><\/p>\n","protected":false},"excerpt":{"rendered":"<p>A partir du 1er juin prochain, le Camerounais Ferdinand Ngon Kemoum, prend les commandes d\u2019Oragroup en remplacement de la malienne Binta Tour\u00e9 Ndoye. \u00a0Le banquier \u00e2g\u00e9 de 58 ans \u00e9tait jusque-l\u00e0 directeur g\u00e9n\u00e9ral pour l\u2019Afrique centrale du fonds de private equity ECP, actionnaire de r\u00e9f\u00e9rence de la banque. L\u2019annonce a \u00e9t\u00e9 faite vendredi 17 mai [&hellip;]<\/p>\n","protected":false},"author":1969,"featured_media":0,"comment_status":"closed","ping_status":"closed","sticky":false,"template":"","format":"standard","meta":{"fifu_image_url":"","fifu_image_alt":"","footnotes":""},"categories":[82,78],"tags":[],"class_list":["post-35867","post","type-post","status-publish","format-standard","hentry","category-cameroun","category-economie"],"_links":{"self":[{"href":"https:\/\/linitiative.ca\/International\/wp-json\/wp\/v2\/posts\/35867","targetHints":{"allow":["GET"]}}],"collection":[{"href":"https:\/\/linitiative.ca\/International\/wp-json\/wp\/v2\/posts"}],"about":[{"href":"https:\/\/linitiative.ca\/International\/wp-json\/wp\/v2\/types\/post"}],"author":[{"embeddable":true,"href":"https:\/\/linitiative.ca\/International\/wp-json\/wp\/v2\/users\/1969"}],"replies":[{"embeddable":true,"href":"https:\/\/linitiative.ca\/International\/wp-json\/wp\/v2\/comments?post=35867"}],"version-history":[{"count":0,"href":"https:\/\/linitiative.ca\/International\/wp-json\/wp\/v2\/posts\/35867\/revisions"}],"wp:attachment":[{"href":"https:\/\/linitiative.ca\/International\/wp-json\/wp\/v2\/media?parent=35867"}],"wp:term":[{"taxonomy":"category","embeddable":true,"href":"https:\/\/linitiative.ca\/International\/wp-json\/wp\/v2\/categories?post=35867"},{"taxonomy":"post_tag","embeddable":true,"href":"https:\/\/linitiative.ca\/International\/wp-json\/wp\/v2\/tags?post=35867"}],"curies":[{"name":"wp","href":"https:\/\/api.w.org\/{rel}","templated":true}]}}