{"id":35869,"date":"2019-05-21T13:28:31","date_gmt":"2019-05-21T17:28:31","guid":{"rendered":"https:\/\/linitiative.ca\/International\/marches-publics-plus-de-300-entreprises-interdites-de-soumissions-entre-2019-2021\/"},"modified":"2019-05-21T13:28:31","modified_gmt":"2019-05-21T17:28:31","slug":"marches-publics-plus-de-300-entreprises-interdites-de-soumissions-entre-2019-2021","status":"publish","type":"post","link":"https:\/\/linitiative.ca\/International\/marches-publics-plus-de-300-entreprises-interdites-de-soumissions-entre-2019-2021\/","title":{"rendered":"March\u00e9s publics:  plus de 300 entreprises interdites de soumissions entre 2019-2021"},"content":{"rendered":"<p><strong>334<\/strong>. C\u2019est le nombre d\u2019entreprises et prestataires interdits de soumissionner \u00e0 la p\u00e9riode 2019-2021. La d\u00e9cision est d\u2019<strong>Ibrahim Talba Malla<\/strong>, ministre d\u00e9l\u00e9gu\u00e9 \u00e0 la pr\u00e9sidence charg\u00e9 des march\u00e9s publics. Dans les colonnes du quotidien gouvernemental \u00ab\u00a0Cameroon tribune\u00a0\u00bb, \u00e9dition du 21 mai 2019, le <strong>Minmap<\/strong> pr\u00e9cise qu\u2019en application des dispositions combin\u00e9es des articles 182 et 184 du d\u00e9cret du 20 juin 2018 porte Code des March\u00e9s publics, les march\u00e9s ayant fait l\u2019objet d\u2019abandon au cours des exercices 2014, 2015, 2016 et 2017 sont r\u00e9sili\u00e9s aux torts, frais et risques des entreprises titulaires.<\/p>\n<p>Confin\u00e9es pour la plupart dans les r\u00e9gions de l\u2019Adamaoua, du Nord-Ouest et du Sud-Ouest, celles-ci ne peuvent par cons\u00e9quent faire acte de\u00a0 candidature ni co-traiter ou sous-traiter tout ou partie des prestations, objet de la commande publique, sauf d\u00e9rogation sp\u00e9ciale accord\u00e9e par le Minmap.<\/p>\n<p>Parmi les 343 entreprises et prestataires \u00e9pingl\u00e9s par le ministre d\u00e9l\u00e9gu\u00e9\u00a0 \u00e0 la pr\u00e9sidence charg\u00e9 des march\u00e9s publics, l\u2019entreprise <strong>Somocam<\/strong>. Elle a \u00e9t\u00e9 \u00e9pingl\u00e9e pour sa mauvaise ex\u00e9cution de la r\u00e9habilitation de la route\u00a0 <strong>Foyer Bandoumka-Polentcha<\/strong> dans la r\u00e9gion du Nord-Ouest ainsi que la route \u00ab\u00a0<strong>Eglise Batoum III-Toukouet, carrefour Batoum<\/strong>. Ou le prestataire <strong>Inter-Trade Sarl<\/strong>, charg\u00e9\u00a0 de l\u2019ex\u00e9cution des travaux de stabilisation et d\u2019imperm\u00e9abilit\u00e9 de quatre kilom\u00e8tres, tron\u00e7on Bonepoupa \u00e0 Yabassi.<\/p>\n<p>Le chef du d\u00e9partement minist\u00e9riel en charge des March\u00e9s publics pr\u00e9cise que cette mesure entre dans le cadre du processus d\u2019assainissement du secteur des march\u00e9s publics en g\u00e9n\u00e9ral et de lutte contre le ph\u00e9nom\u00e8ne des march\u00e9s abandonn\u00e9s en particulier. La liste publi\u00e9e par le Minmap contient 343 entreprises r\u00e9parties sur les 10 r\u00e9gions et les diff\u00e9rents d\u00e9partements minist\u00e9riels. Ces entreprises et prestataires op\u00e8rent entre autres dans la construction et les travaux de r\u00e9habilitation, la fourniture de mat\u00e9riels, l\u2019\u00e9quipement, et la r\u00e9alisation de forages, entre autres.<\/p>\n<p>Ce n\u2019est pas la premi\u00e8re fois que le minist\u00e8re en charge des March\u00e9 publics se prononce sur le ph\u00e9nom\u00e8ne des march\u00e9s abandonn\u00e9s. A la t\u00eate de ce d\u00e9partement minist\u00e9riel, <strong>Abba Sadou<\/strong> avait d\u00e9j\u00e0 engag\u00e9 une lutte contre le ph\u00e9nom\u00e8ne. L\u2019ex-ministre avait alors recens\u00e9 334 entreprises qui \u00e9taient suppos\u00e9es avoir abandonn\u00e9 au moins un march\u00e9 entre 2014, 2015 et 2016.<\/p>\n<div class=\"about-author about-author-box container-wrapper\">\n<div class=\"author-avatar\">\n<p><img decoding=\"async\" src=\"http:\/\/\" alt=\"\"\/><\/p>\n<\/div>\n<p><h4>La R\u00e9daction EcoMatin<\/h4>\n<\/p>\n<\/div>\n<div class=\"awac-wrapper awac widget blog_subscription-2\">\n<h4 class=\"widget-title\">Abonnez-vous \u00e0 notre lettre d&rsquo;information<\/h4>\n<\/div>\n<p>Auteur: EcoMatin<br \/>\n<a href=\"https:\/\/ecomatin.net\/marches-publics-plus-de-300-entreprises-interdites-de-soumissions-entre-2019-2021\/\">Cliquez ici pour lire l&rsquo;article depuis sa source.<\/a><\/p>\n","protected":false},"excerpt":{"rendered":"<p>334. C\u2019est le nombre d\u2019entreprises et prestataires interdits de soumissionner \u00e0 la p\u00e9riode 2019-2021. La d\u00e9cision est d\u2019Ibrahim Talba Malla, ministre d\u00e9l\u00e9gu\u00e9 \u00e0 la pr\u00e9sidence charg\u00e9 des march\u00e9s publics. Dans les colonnes du quotidien gouvernemental \u00ab\u00a0Cameroon tribune\u00a0\u00bb, \u00e9dition du 21 mai 2019, le Minmap pr\u00e9cise qu\u2019en application des dispositions combin\u00e9es des articles 182 et 184 [&hellip;]<\/p>\n","protected":false},"author":1969,"featured_media":0,"comment_status":"closed","ping_status":"closed","sticky":false,"template":"","format":"standard","meta":{"fifu_image_url":"","fifu_image_alt":"","footnotes":""},"categories":[82,78],"tags":[],"class_list":["post-35869","post","type-post","status-publish","format-standard","hentry","category-cameroun","category-economie"],"_links":{"self":[{"href":"https:\/\/linitiative.ca\/International\/wp-json\/wp\/v2\/posts\/35869","targetHints":{"allow":["GET"]}}],"collection":[{"href":"https:\/\/linitiative.ca\/International\/wp-json\/wp\/v2\/posts"}],"about":[{"href":"https:\/\/linitiative.ca\/International\/wp-json\/wp\/v2\/types\/post"}],"author":[{"embeddable":true,"href":"https:\/\/linitiative.ca\/International\/wp-json\/wp\/v2\/users\/1969"}],"replies":[{"embeddable":true,"href":"https:\/\/linitiative.ca\/International\/wp-json\/wp\/v2\/comments?post=35869"}],"version-history":[{"count":0,"href":"https:\/\/linitiative.ca\/International\/wp-json\/wp\/v2\/posts\/35869\/revisions"}],"wp:attachment":[{"href":"https:\/\/linitiative.ca\/International\/wp-json\/wp\/v2\/media?parent=35869"}],"wp:term":[{"taxonomy":"category","embeddable":true,"href":"https:\/\/linitiative.ca\/International\/wp-json\/wp\/v2\/categories?post=35869"},{"taxonomy":"post_tag","embeddable":true,"href":"https:\/\/linitiative.ca\/International\/wp-json\/wp\/v2\/tags?post=35869"}],"curies":[{"name":"wp","href":"https:\/\/api.w.org\/{rel}","templated":true}]}}