{"id":35875,"date":"2019-05-22T08:00:55","date_gmt":"2019-05-22T12:00:55","guid":{"rendered":"https:\/\/linitiative.ca\/International\/ouezzane-un-repris-de-justice-viole-une-mineure-chez-elle\/"},"modified":"2019-05-22T08:00:55","modified_gmt":"2019-05-22T12:00:55","slug":"ouezzane-un-repris-de-justice-viole-une-mineure-chez-elle","status":"publish","type":"post","link":"https:\/\/linitiative.ca\/International\/ouezzane-un-repris-de-justice-viole-une-mineure-chez-elle\/","title":{"rendered":"Ouezzane : Un repris de justice viole une mineure chez elle"},"content":{"rendered":"<header>\n<\/header>\n<div class=\"entry-content clearfix\" readability=\"50\"><img decoding=\"async\" class=\"post_layout_5_img\" src=\"http:\/\/aujourdhui.ma\/wp-content\/uploads\/2016\/12\/Inceste-Viol-Pedo.jpg?x29840\" alt=\"Ouezzane : Un repris de justice viole une mineure chez elle\"\/><\/p>\n<p class=\"p1\"><span class=\"s1\"><span class=\"c4\"><strong>En plein jour du mois de Ramadan, un jeune homme a abus\u00e9 sexuellement d\u2019une fille, mineure, \u00e2g\u00e9e de douze ans, avant de prendre la poudre d\u2019escampette.<\/strong><\/span><\/span> <span id=\"more-311617\"\/><\/p>\n<p class=\"p1\"><span class=\"s1\">En fait, la fillette \u00e9tait chez elle, toute seule, sa m\u00e8re s\u2019\u00e9tant rendue \u00e0 son travail dans les champs agricoles quand ce repris de justice est arriv\u00e9 \u00e0 ouvrir la porte et y entrer. Face \u00e0 face, la fillette l\u2019a suppli\u00e9 de la laisser tranquille tout en lui rappelant qu\u2019il fallait respecter le mois sacr\u00e9. Mais en vain.<\/span><\/p>\n<p class=\"p1\"><span class=\"s1\">Il s\u2019est jet\u00e9 sur elle comme un fauve sur sa proie. Il l\u2019a d\u00e9v\u00eatue et viol\u00e9e sans piti\u00e9 avant de l\u2019abandonner et prendre la fuite. Une plainte a \u00e9t\u00e9 port\u00e9e contre lui et les investigations sont intenses pour le mettre<span class=\"Apple-converted-space\">\u00a0<\/span> hors d\u2019\u00e9tat de nuire.<\/span><\/p>\n<\/div>\n<p>Auteur: Abderrafii ALOUMLIKI<br \/>\n<a href=\"http:\/\/aujourdhui.ma\/faits-divers\/ouezzane-un-repris-de-justice-viole-une-mineure-chez-elle\">Cliquez ici pour lire l&rsquo;article depuis sa source.<\/a><\/p>\n","protected":false},"excerpt":{"rendered":"<p>En plein jour du mois de Ramadan, un jeune homme a abus\u00e9 sexuellement d\u2019une fille, mineure, \u00e2g\u00e9e de douze ans, avant de prendre la poudre d\u2019escampette. En fait, la fillette \u00e9tait chez elle, toute seule, sa m\u00e8re s\u2019\u00e9tant rendue \u00e0 son travail dans les champs agricoles quand ce repris de justice est arriv\u00e9 \u00e0 ouvrir [&hellip;]<\/p>\n","protected":false},"author":1759,"featured_media":0,"comment_status":"closed","ping_status":"closed","sticky":false,"template":"","format":"standard","meta":{"fifu_image_url":"","fifu_image_alt":"","footnotes":""},"categories":[73,54],"tags":[],"class_list":["post-35875","post","type-post","status-publish","format-standard","hentry","category-actualite","category-maroc"],"_links":{"self":[{"href":"https:\/\/linitiative.ca\/International\/wp-json\/wp\/v2\/posts\/35875","targetHints":{"allow":["GET"]}}],"collection":[{"href":"https:\/\/linitiative.ca\/International\/wp-json\/wp\/v2\/posts"}],"about":[{"href":"https:\/\/linitiative.ca\/International\/wp-json\/wp\/v2\/types\/post"}],"author":[{"embeddable":true,"href":"https:\/\/linitiative.ca\/International\/wp-json\/wp\/v2\/users\/1759"}],"replies":[{"embeddable":true,"href":"https:\/\/linitiative.ca\/International\/wp-json\/wp\/v2\/comments?post=35875"}],"version-history":[{"count":0,"href":"https:\/\/linitiative.ca\/International\/wp-json\/wp\/v2\/posts\/35875\/revisions"}],"wp:attachment":[{"href":"https:\/\/linitiative.ca\/International\/wp-json\/wp\/v2\/media?parent=35875"}],"wp:term":[{"taxonomy":"category","embeddable":true,"href":"https:\/\/linitiative.ca\/International\/wp-json\/wp\/v2\/categories?post=35875"},{"taxonomy":"post_tag","embeddable":true,"href":"https:\/\/linitiative.ca\/International\/wp-json\/wp\/v2\/tags?post=35875"}],"curies":[{"name":"wp","href":"https:\/\/api.w.org\/{rel}","templated":true}]}}