{"id":35880,"date":"2019-05-22T06:14:03","date_gmt":"2019-05-22T10:14:03","guid":{"rendered":"https:\/\/linitiative.ca\/International\/recherche-scientifique-au-maroc-2006-2016-le-rapport-de-fassi-fehri\/"},"modified":"2019-05-22T06:14:03","modified_gmt":"2019-05-22T10:14:03","slug":"recherche-scientifique-au-maroc-2006-2016-le-rapport-de-fassi-fehri","status":"publish","type":"post","link":"https:\/\/linitiative.ca\/International\/recherche-scientifique-au-maroc-2006-2016-le-rapport-de-fassi-fehri\/","title":{"rendered":"Recherche scientifique au Maroc 2006-2016: le Rapport de Fassi Fehri"},"content":{"rendered":"<p class=\"c4\"><span class=\"c3\"><em><strong><span class=\"c2\">U<\/span><\/strong>n rapport sur l\u2019\u00e9volution de la recherche scientifique au Maroc 2006-2016 a \u00e9t\u00e9 pr\u00e9sent\u00e9 vendredi \u00e0 Rabat, lors d\u2019une rencontre entre le chef du gouvernement Sa\u00e2d Eddine El Otmani avec le Secr\u00e9taire perp\u00e9tuel de l\u2019Acad\u00e9mie Hassan II des sciences et techniques, Omar Fassi Fehri, et une d\u00e9l\u00e9gation de l\u2019Acad\u00e9mie.<\/em><\/span><\/p>\n<p class=\"c5\">Selon un communiqu\u00e9 du D\u00e9partement du Chef du Gouvernement, ce rapport, r\u00e9alis\u00e9 par l\u2019Acad\u00e9mie Hassan II des sciences et techniques et intitul\u00e9 \u00ab\u00a0Politique scientifique et technologique et innovation pour accompagner le d\u00e9veloppement au Maroc\u00a0\u00bb, refl\u00e8te la r\u00e9alit\u00e9 de la recherche scientifique au Maroc \u00e0 travers l\u2019examen des donn\u00e9es nationales relatives \u00e0 ce secteur et leur comparaison \u00e0 l\u2019\u00e9chelle internationale.<\/p>\n<p class=\"c5\">Outre le volet \u00e9valuatif, le rapport comprend une s\u00e9rie de recommandations scientifiques visant \u00e0 am\u00e9liorer le niveau de la recherche scientifique et de l\u2019innovation au Royaume et d\u00e9velopper la gouvernance de ce secteur, indique le communiqu\u00e9.<\/p>\n<p class=\"c5\">Lors de cette rencontre, le point a \u00e9t\u00e9 mis sur l\u2019importance de l\u2019\u00e9l\u00e9ment humain et la n\u00e9cessit\u00e9 de promouvoir l\u2019enseignement sup\u00e9rieur et la recherche scientifique, en vue de renforcer la comp\u00e9titivit\u00e9 de l\u2019\u00e9conomie nationale et d\u2019atteindre le mod\u00e8le de d\u00e9veloppement escompt\u00e9.<\/p>\n<p class=\"c5\">S\u2019exprimant \u00e0 cette occasion, M. El Otmani a salu\u00e9 le r\u00f4le de l\u2019Acad\u00e9mie, en tant qu\u2019institution de pens\u00e9e et levier fondamental pour le d\u00e9veloppement scientifique et technique du Royaume, mettant en avant le contenu du rapport et la pertinence de ses recommandations, a rapport\u00e9 le d\u00e9partement.<br \/>Conscient de la centralit\u00e9 de ce secteur, le gouvernement s\u2019engage \u00e0 fournir davantage d\u2019efforts pour donner un nouvel \u00e9lan \u00e0 la recherche scientifique, a-t-il relev\u00e9, ajoutant que le contenu de ce rapport sera examin\u00e9 lors de la prochaine r\u00e9union du comit\u00e9 permanent interminist\u00e9riel de la recherche scientifique, de l\u2019innovation et du d\u00e9veloppement technologique.<\/p>\n<p>Auteur: rahal mehamed<br \/>\n<a href=\"http:\/\/albayane.press.ma\/recherche-scientifique-au-maroc-2006-2016-le-rapport-de-fassi-fehri.html\">Cliquez ici pour lire l&rsquo;article depuis sa source.<\/a><\/p>\n","protected":false},"excerpt":{"rendered":"<p>Un rapport sur l\u2019\u00e9volution de la recherche scientifique au Maroc 2006-2016 a \u00e9t\u00e9 pr\u00e9sent\u00e9 vendredi \u00e0 Rabat, lors d\u2019une rencontre entre le chef du gouvernement Sa\u00e2d Eddine El Otmani avec le Secr\u00e9taire perp\u00e9tuel de l\u2019Acad\u00e9mie Hassan II des sciences et techniques, Omar Fassi Fehri, et une d\u00e9l\u00e9gation de l\u2019Acad\u00e9mie. Selon un communiqu\u00e9 du D\u00e9partement du [&hellip;]<\/p>\n","protected":false},"author":1760,"featured_media":0,"comment_status":"closed","ping_status":"closed","sticky":false,"template":"","format":"standard","meta":{"fifu_image_url":"","fifu_image_alt":"","footnotes":""},"categories":[73,54],"tags":[],"class_list":["post-35880","post","type-post","status-publish","format-standard","hentry","category-actualite","category-maroc"],"_links":{"self":[{"href":"https:\/\/linitiative.ca\/International\/wp-json\/wp\/v2\/posts\/35880","targetHints":{"allow":["GET"]}}],"collection":[{"href":"https:\/\/linitiative.ca\/International\/wp-json\/wp\/v2\/posts"}],"about":[{"href":"https:\/\/linitiative.ca\/International\/wp-json\/wp\/v2\/types\/post"}],"author":[{"embeddable":true,"href":"https:\/\/linitiative.ca\/International\/wp-json\/wp\/v2\/users\/1760"}],"replies":[{"embeddable":true,"href":"https:\/\/linitiative.ca\/International\/wp-json\/wp\/v2\/comments?post=35880"}],"version-history":[{"count":0,"href":"https:\/\/linitiative.ca\/International\/wp-json\/wp\/v2\/posts\/35880\/revisions"}],"wp:attachment":[{"href":"https:\/\/linitiative.ca\/International\/wp-json\/wp\/v2\/media?parent=35880"}],"wp:term":[{"taxonomy":"category","embeddable":true,"href":"https:\/\/linitiative.ca\/International\/wp-json\/wp\/v2\/categories?post=35880"},{"taxonomy":"post_tag","embeddable":true,"href":"https:\/\/linitiative.ca\/International\/wp-json\/wp\/v2\/tags?post=35880"}],"curies":[{"name":"wp","href":"https:\/\/api.w.org\/{rel}","templated":true}]}}