{"id":35881,"date":"2019-05-22T06:19:45","date_gmt":"2019-05-22T10:19:45","guid":{"rendered":"https:\/\/linitiative.ca\/International\/sm-le-roi-preside-la-3e-causerie-religieuse-du-ramadan\/"},"modified":"2019-05-22T06:19:45","modified_gmt":"2019-05-22T10:19:45","slug":"sm-le-roi-preside-la-3e-causerie-religieuse-du-ramadan","status":"publish","type":"post","link":"https:\/\/linitiative.ca\/International\/sm-le-roi-preside-la-3e-causerie-religieuse-du-ramadan\/","title":{"rendered":"SM le Roi pr\u00e9side la 3e causerie religieuse du Ramadan"},"content":{"rendered":"<p class=\"c4\"><span class=\"c3\"><strong><span class=\"c2\">Sa Majest\u00e9 le Roi Mohammed VI,<\/span> Amir Al Mouminine, que Dieu L\u2019assiste, accompagn\u00e9 de SAR le Prince H\u00e9ritier Moulay El Hassan, de SAR le Prince Moulay Rachid et de SA le Prince Moulay Isma\u00efl, a pr\u00e9sid\u00e9, lundi au Palais Royal \u00e0 Casablanca, la troisi\u00e8me causerie religieuse du mois sacr\u00e9 de Ramadan.<\/strong><\/span><\/p>\n<p class=\"c4\">Cette causerie a \u00e9t\u00e9 anim\u00e9e par M. Mohamed Benkirane, membre du Conseil local des oul\u00e9mas de Larache sous le th\u00e8me : \u00ab\u00a0La pr\u00e9servation du hadith du Proph\u00e8te par les soins d\u2019Amir Al Mouminine\u00a0\u00bb, \u00e0 la lumi\u00e8re du hadith : \u00ab\u00a0Qu\u2019Allah fasse mis\u00e9ricorde \u00e0 la personne qui entend de moi un hadith et le transmet comme elle l\u2019a entendu car il est possible que celui \u00e0 qui cette parole est transmise la comprenne mieux que celui qui l\u2019a entendue\u00a0\u00bb.<\/p>\n<p class=\"c4\">Le conf\u00e9rencier a entam\u00e9 cette causerie en rappelant que la Nation marocaine a \u00e9t\u00e9 t\u00e9moin, cette ann\u00e9e, du lancement par le Souverain des causeries de la Radio Mohammed VI du Saint-Coran, sur Al-Hadith Ash-Sharif, \u00ab\u00a0Addourous Al Hadithia\u00a0\u00bb.<\/p>\n<p class=\"c4\">Ce programme, a-t-il pr\u00e9cis\u00e9, s\u2019inscrit dans le cadre des Hautes instructions et Orientations Royales en vue d\u2019\u00e9clairer les gens au sujet de l\u2019authentification de la Tradition et des Paroles du Proph\u00e8te (Pri\u00e8re et Salut soient sur Lui), et leur protection en tant que deuxi\u00e8me source de l\u2019Islam.<\/p>\n<p class=\"c4\">En outre, M. Benkirane a relev\u00e9 que la Souna du Proph\u00e8re Sidna Mohammed requiert une importance fondamentale, voire cruciale, dans la mesure o\u00f9, a-t-il dit, elle renferme des caract\u00e9ristiques et qualit\u00e9s louables, d\u2019autant qu\u2019elle constitue un trait d\u2019union entre l\u2019individu et son cr\u00e9ateur.<\/p>\n<p class=\"c4\">Elle constitue, \u00e9galement, a-t-il ajout\u00e9, une source de connaissance et du savoir qui d\u00e9friche le chemin de l\u2019appr\u00e9hension et de la compr\u00e9hension et constitue d\u00e9sormais l\u2019unique voie qui guide vers le Tout-Puissant et conduit \u00e0 la rectitude et \u00e0 la sagesse.<br \/>Dans ce sens, il a r\u00e9affirm\u00e9 la valeur primordiale de la Souna et met en valeur celui qui s\u2019y attache formellement sans intervention et interpr\u00e9tation de nature \u00e0 alt\u00e9rer son essence et sa v\u00e9ritable signification.<\/p>\n<p class=\"c4\">Nonobstant les divergences entre certains oul\u00e9ma \u00e0 propos du Hadith: \u00ab\u00a0Qu\u2019Allah fasse mis\u00e9ricorde \u00e0 la personne qui entend de moi un hadith et le transmet comme il l\u2019a entendu car il est possible que celui \u00e0 qui cette parole est transmise la comprenne mieux que celui qui l\u2019a entendue\u00a0\u00bb, a signal\u00e9 M. Benkirane, le Proph\u00e8te Sidna Mohammed a bien tenu \u00e0 ce que la transmission du hadith soit bas\u00e9e sur la science et la clairvoyance afin d\u2019en tirer les enseignements et appr\u00e9hender les significations et les desseins.<\/p>\n<p class=\"c4\">\u00c0 l\u2019issue de cette causerie, SM le Roi, Amir Al Mouminine, a \u00e9t\u00e9 salu\u00e9 par Son Altesse Ibrahim Sulu Gambari, Emir de l\u2019\u00e9mirat de Llorin dans l\u2019Etat de Kwara au Nigeria, Cheikh Madani Mountaga Tall, repr\u00e9sentant de la famille Tall des tidjanes au S\u00e9n\u00e9gal, le Pr Mohamed Lahlou Ahmed Nour, mufti g\u00e9n\u00e9ral de la R\u00e9publique du Tchad, le Pr Hassan Ben Mohamed Safar, professeur \u00e0 l\u2019Universit\u00e9 du Roi Abdelaziz (Arabie Saoudite), le Pr. Farid Ben Yacoub Al Miftah, secr\u00e9taire g\u00e9n\u00e9ral du minist\u00e8re de la Justice, des waqf et des Affaires islamiques de Bahre\u00efn.<\/p>\n<p class=\"c4\">Le Souverain a \u00e9t\u00e9 \u00e9galement salu\u00e9 par le Pr Raf\u00e2a Ben Achour professeur \u00e0 l\u2019Universit\u00e9 de Carthage (Tunisie), le Pr Abdel Hadi Ahmed al-Qasabi, cheikh des chioukhs de la tarika soufie et pr\u00e9sident du Conseil soufi supr\u00eame en Egypte, le Pr Aziz Hassovitch, pr\u00e9sident de la machyakha islamia en Croatie, le Pr Hassan Sa\u00efd Tchizinga, membre de la Fondation Mohammed VI des oul\u00e9ma africains, section Tanzanie, le Pr Mustapha Ibrahim, pr\u00e9sident de la section Ghana de la Fondation Mohammed VI des Oul\u00e9ma africains, le Pr Ahmed Sango, membre de la Fondation Mohammed VI des oul\u00e9mas africains, section Burkina Faso et le Pr Matenzo Lzola, membre de la Fondation Mohammed VI des oul\u00e9mas africains, section Angola.<\/p>\n<p>Auteur: rahal mehamed<br \/>\n<a href=\"http:\/\/albayane.press.ma\/sm-le-roi-preside-la-3e-causerie-religieuse-du-ramadan.html\">Cliquez ici pour lire l&rsquo;article depuis sa source.<\/a><\/p>\n","protected":false},"excerpt":{"rendered":"<p>Sa Majest\u00e9 le Roi Mohammed VI, Amir Al Mouminine, que Dieu L\u2019assiste, accompagn\u00e9 de SAR le Prince H\u00e9ritier Moulay El Hassan, de SAR le Prince Moulay Rachid et de SA le Prince Moulay Isma\u00efl, a pr\u00e9sid\u00e9, lundi au Palais Royal \u00e0 Casablanca, la troisi\u00e8me causerie religieuse du mois sacr\u00e9 de Ramadan. Cette causerie a \u00e9t\u00e9 [&hellip;]<\/p>\n","protected":false},"author":1760,"featured_media":0,"comment_status":"closed","ping_status":"closed","sticky":false,"template":"","format":"standard","meta":{"fifu_image_url":"","fifu_image_alt":"","footnotes":""},"categories":[73,54],"tags":[],"class_list":["post-35881","post","type-post","status-publish","format-standard","hentry","category-actualite","category-maroc"],"_links":{"self":[{"href":"https:\/\/linitiative.ca\/International\/wp-json\/wp\/v2\/posts\/35881","targetHints":{"allow":["GET"]}}],"collection":[{"href":"https:\/\/linitiative.ca\/International\/wp-json\/wp\/v2\/posts"}],"about":[{"href":"https:\/\/linitiative.ca\/International\/wp-json\/wp\/v2\/types\/post"}],"author":[{"embeddable":true,"href":"https:\/\/linitiative.ca\/International\/wp-json\/wp\/v2\/users\/1760"}],"replies":[{"embeddable":true,"href":"https:\/\/linitiative.ca\/International\/wp-json\/wp\/v2\/comments?post=35881"}],"version-history":[{"count":0,"href":"https:\/\/linitiative.ca\/International\/wp-json\/wp\/v2\/posts\/35881\/revisions"}],"wp:attachment":[{"href":"https:\/\/linitiative.ca\/International\/wp-json\/wp\/v2\/media?parent=35881"}],"wp:term":[{"taxonomy":"category","embeddable":true,"href":"https:\/\/linitiative.ca\/International\/wp-json\/wp\/v2\/categories?post=35881"},{"taxonomy":"post_tag","embeddable":true,"href":"https:\/\/linitiative.ca\/International\/wp-json\/wp\/v2\/tags?post=35881"}],"curies":[{"name":"wp","href":"https:\/\/api.w.org\/{rel}","templated":true}]}}