{"id":35883,"date":"2019-05-22T06:39:24","date_gmt":"2019-05-22T10:39:24","guid":{"rendered":"https:\/\/linitiative.ca\/International\/washington-teheran-la-tension-est-a-son-comble\/"},"modified":"2019-05-22T06:39:24","modified_gmt":"2019-05-22T10:39:24","slug":"washington-teheran-la-tension-est-a-son-comble","status":"publish","type":"post","link":"https:\/\/linitiative.ca\/International\/washington-teheran-la-tension-est-a-son-comble\/","title":{"rendered":"Washington-T\u00e9h\u00e9ran: La tension est \u00e0 son comble\u2026"},"content":{"rendered":"<p class=\"c4\"><strong><span class=\"c3\"><span class=\"c2\">U<\/span>ne ann\u00e9e apr\u00e8s le retrait des Etats-Unis des accords de Vienne portant sur le nucl\u00e9aire iranien et quelques mois apr\u00e8s le r\u00e9tablissement, en Novembre dernier, des sanctions \u00e9conomiques contre T\u00e9h\u00e9ran, c\u2019est le pr\u00e9sident am\u00e9ricain en personne qui, ce dimanche, a voulu montrer ses muscles en mena\u00e7ant directement la R\u00e9publique islamique de destruction en cas d\u2019attaque contre les int\u00e9r\u00eats am\u00e9ricains. \u00abSi l\u2019Iran veut se battre, ce sera la fin officielle de l\u2019Iran\u00bb a-t-il \u00e9crit sur son compte Twitter.<\/span><\/strong><\/p>\n<p class=\"c4\">C\u2019est dire que, par moments, le locataire de la Maison Blanche rappelle, \u00e0 bien des \u00e9gards par son comportement outrancier, un certain Idi Amin Dadda, boxeur de son \u00e9tat voire m\u00eame anthropophage dit-on, qui avait pr\u00e9sid\u00e9 aux destin\u00e9es de l\u2019Ouganda de 1971 \u00e0 1979, lorsqu\u2019il avait invit\u00e9 son homologue Tanzanien Julius Nyerere, \u00e0 venir r\u00e9gler leur diff\u00e9rend sur un ring de boxe et propos\u00e9 de l\u2019affronter en gardant un bras attach\u00e9 dans le dos.<\/p>\n<p class=\"c4\">Les relations entre Washington et T\u00e9h\u00e9ran n\u2019ayant jamais \u00e9t\u00e9 aussi bas, la tension entre les deux pays est mont\u00e9e d\u2019un cran lors qu\u2019apr\u00e8s l\u2019\u00e9vocation de \u00abmenaces\u00bb \u00e9manant de groupes arm\u00e9s irakiens soutenus par l\u2019Iran, les Etats-Unis auraient ordonn\u00e9 \u00e0 leur \u00abpersonnel diplomatique non-essentiel\u00bb de quitter l\u2019Irak et annonc\u00e9 que, pour faire face aux bravades iraniennes, ils vont d\u00e9ployer, dans le Golfe, leur porte-avions Abraham Lincoln et des bombardiers B-52.<\/p>\n<p class=\"c4\">Or, \u00e0 en croire la presse am\u00e9ricaine, il y aurait, tout de m\u00eame, de s\u00e9rieuses divergences au sein de l\u2019administration Trump quant \u00e0 la mani\u00e8re d\u2019aborder les relations am\u00e9ricano-iraniennes. Ainsi, si John Bolton, serait partisan de la ligne dure, il semblerait que le chef de l\u2019Etat aurait invit\u00e9 son conseiller \u00e0 la s\u00e9curit\u00e9 nationale\u00a0 \u00e0 \u00abtemp\u00e9rer\u00bb ses ardeurs.<\/p>\n<p class=\"c4\">Mais, en tout \u00e9tat de cause, du c\u00f4t\u00e9 iranien on semble, tout de m\u00eame, minimiser l\u2019\u00e9ventualit\u00e9 d\u2019une nouvelle guerre dans la r\u00e9gion. \u00abIl n\u2019y aura pas de guerre puisque nous ne souhaitons pas de conflit et puisque personne ne se fait d\u2019illusion quant \u00e0 sa capacit\u00e9 \u00e0 affronter l\u2019Iran\u00bb aurait d\u00e9clar\u00e9 \u00e0 la presse, selon l\u2019agence officielle Irna, le chef de la diplomatie iranienne, Mohammed Javad Zarif, \u00e0 l\u2019issue de sa derni\u00e8re visite en Chine.<\/p>\n<p class=\"c4\">Et si, par ailleurs, T\u00e9h\u00e9ran semble vouloir jouer la carte de l\u2019apaisement, Riyad a, de son c\u00f4t\u00e9, appel\u00e9 ses partenaires du Conseil de Coop\u00e9ration du Golfe et de la Ligue Arabe \u00e0 se retrouver le 30 mai prochain \u00e0 la Mecque pour \u00abse consulter et se coordonner avec les dirigeants fr\u00e8res\u00bb \u00e0 propos de \u00abtous les sujets susceptibles de renforcer la s\u00e9curit\u00e9 et la stabilit\u00e9 dans la r\u00e9gion\u00bb.<\/p>\n<p class=\"c4\">En outre, \u00e0 en croire le chef de la diplomatie saoudienne, Adel Al-Jubeir, le Royaume d\u2019Al Saoud, qui \u00abne veut pas une guerre\u00bb avec l\u2019Iran, \u00abva tout faire pour la pr\u00e9venir\u00bb m\u00eame s\u2019il reste pr\u00eat \u00ab\u00e0 se d\u00e9fendre et \u00e0 d\u00e9fendre ses int\u00e9r\u00eats\u00bb si la partie adverse choisit la confrontation.<\/p>\n<p class=\"c4\">Et si les attaques contre un ol\u00e9oduc saoudien ont \u00e9t\u00e9 revendiqu\u00e9es par des rebelles y\u00e9m\u00e9nites, lors de la r\u00e9union de ce dimanche des pays de l\u2019OPEP, Riyad qui en a imput\u00e9 la responsabilit\u00e9 \u00e0 T\u00e9h\u00e9ran tout en assurant, par ailleurs, que la s\u00e9curit\u00e9 de son industrie p\u00e9troli\u00e8re reste \u00absolide\u00bb a appel\u00e9 ses partenaires \u00e0 d\u00e9cider des mesures qu\u2019il conviendrait de prendre \u00e0 l\u2019encontre de l\u2019Iran pour avoir proc\u00e9d\u00e9 au \u00absabotage de navires dans le Golfe\u00bb et perp\u00e9tr\u00e9 des \u00abattaques contre les stations de pompage dans le royaume\u00bb.<\/p>\n<p class=\"c4\">Au cours de cette rencontre, \u00e0 laquelle la R\u00e9publique islamique iranienne n\u2019\u00e9tait pas pr\u00e9sente alors m\u00eame qu\u2019elle est membre de l\u2019OPEP, l\u2019Arabie Saoudite et les Emirats Arabes Unis se sont \u00e9tonn\u00e9s du fait que les stocks mondiaux de p\u00e9trole soient en hausse malgr\u00e9 la chute des exportations de p\u00e9trole v\u00e9n\u00e9zu\u00e9lien et manifest\u00e9 leur d\u00e9termination \u00e0 \u00abstabiliser le march\u00e9\u00bb en d\u00e9pit des tensions dans le Golfe.<\/p>\n<p class=\"c4\">Enfin, si, encore une fois, la tension est \u00e0 son comble dans la r\u00e9gion, esp\u00e9rons que, des deux c\u00f4t\u00e9s, le bon sens va finir par l\u2019emporter et faire que cette derni\u00e8re ne soit qu\u2019un simple bruit de bottes comme il y en a toujours eu dans le Golfe depuis l\u2019av\u00e8nement, il y a un peu plus de quarante ans, de la R\u00e9publique Islamique d\u2019Iran et attendons pour voir\u2026<\/p>\n<p class=\"c5\"><strong>Nabil El Bousaadi<\/strong><\/p>\n<p>Auteur: rahal mehamed<br \/>\n<a href=\"http:\/\/albayane.press.ma\/washington-teheran-la-tension-est-a-son-comble.html\">Cliquez ici pour lire l&rsquo;article depuis sa source.<\/a><\/p>\n","protected":false},"excerpt":{"rendered":"<p>Une ann\u00e9e apr\u00e8s le retrait des Etats-Unis des accords de Vienne portant sur le nucl\u00e9aire iranien et quelques mois apr\u00e8s le r\u00e9tablissement, en Novembre dernier, des sanctions \u00e9conomiques contre T\u00e9h\u00e9ran, c\u2019est le pr\u00e9sident am\u00e9ricain en personne qui, ce dimanche, a voulu montrer ses muscles en mena\u00e7ant directement la R\u00e9publique islamique de destruction en cas d\u2019attaque [&hellip;]<\/p>\n","protected":false},"author":1760,"featured_media":0,"comment_status":"closed","ping_status":"closed","sticky":false,"template":"","format":"standard","meta":{"fifu_image_url":"","fifu_image_alt":"","footnotes":""},"categories":[73,54],"tags":[],"class_list":["post-35883","post","type-post","status-publish","format-standard","hentry","category-actualite","category-maroc"],"_links":{"self":[{"href":"https:\/\/linitiative.ca\/International\/wp-json\/wp\/v2\/posts\/35883","targetHints":{"allow":["GET"]}}],"collection":[{"href":"https:\/\/linitiative.ca\/International\/wp-json\/wp\/v2\/posts"}],"about":[{"href":"https:\/\/linitiative.ca\/International\/wp-json\/wp\/v2\/types\/post"}],"author":[{"embeddable":true,"href":"https:\/\/linitiative.ca\/International\/wp-json\/wp\/v2\/users\/1760"}],"replies":[{"embeddable":true,"href":"https:\/\/linitiative.ca\/International\/wp-json\/wp\/v2\/comments?post=35883"}],"version-history":[{"count":0,"href":"https:\/\/linitiative.ca\/International\/wp-json\/wp\/v2\/posts\/35883\/revisions"}],"wp:attachment":[{"href":"https:\/\/linitiative.ca\/International\/wp-json\/wp\/v2\/media?parent=35883"}],"wp:term":[{"taxonomy":"category","embeddable":true,"href":"https:\/\/linitiative.ca\/International\/wp-json\/wp\/v2\/categories?post=35883"},{"taxonomy":"post_tag","embeddable":true,"href":"https:\/\/linitiative.ca\/International\/wp-json\/wp\/v2\/tags?post=35883"}],"curies":[{"name":"wp","href":"https:\/\/api.w.org\/{rel}","templated":true}]}}