{"id":35885,"date":"2019-05-22T04:25:43","date_gmt":"2019-05-22T08:25:43","guid":{"rendered":"https:\/\/linitiative.ca\/International\/numerisation-des-services-le-cachet-electronique-visible-pour-faciliter-les-procedures-administratives\/"},"modified":"2019-05-22T04:25:43","modified_gmt":"2019-05-22T08:25:43","slug":"numerisation-des-services-le-cachet-electronique-visible-pour-faciliter-les-procedures-administratives","status":"publish","type":"post","link":"https:\/\/linitiative.ca\/International\/numerisation-des-services-le-cachet-electronique-visible-pour-faciliter-les-procedures-administratives\/","title":{"rendered":"Num\u00e9risation des services : Le cachet \u00e9lectronique visible pour faciliter les proc\u00e9dures administratives"},"content":{"rendered":"<p>Une convention a \u00e9t\u00e9 sign\u00e9e, hier, entre le minist\u00e8re des Technologies de la communication et de l\u2019\u00e9conomie num\u00e9rique repr\u00e9sent\u00e9 par l\u2019Agence nationale de certification \u00e9lectronique et celle de la formation professionnelle et de l\u2019emploi repr\u00e9sent\u00e9e par la direction g\u00e9n\u00e9rale de l\u2019\u00e9migration et de la main d\u2019\u0153uvre \u00e9trang\u00e8re, dans l\u2019objectif de num\u00e9riser et de simplifier les proc\u00e9dures administratives pour les entreprises d\u00e9sireuses d\u2019embaucher des \u00e9trangers.<\/p>\n<p>La convention, sign\u00e9e par le ministre des Technologies de la communication et de l\u2019Economie num\u00e9rique, Anouar Maarouf, et la ministre de la Formation professionnelle et de l\u2019Emploi, Saida Lounissi, vise \u00e0 garantir l\u2019autorisation du travail accord\u00e9e par le minist\u00e8re de la formation professionnelle et de l\u2019emploi, par l\u2019utilisation du cachet \u00e9lectronique visible TN CEV 2D-DOC.<\/p>\n<p>Le syst\u00e8me du cachet \u00e9lectronique visible TN CEV 2D-DOC permet d\u2019assurer l\u2019int\u00e9grit\u00e9 et l\u2019authenticit\u00e9 des documents au format papier et \u00e9lectronique \u00e9mis par les diff\u00e9rentes structures (autorisation de travail, dipl\u00f4mes, registre commercial, fiches de paie, factures, documents bancaires, attestations de travail\u2026), indique un communiqu\u00e9 du minist\u00e8re des Technologies de la communication et de l\u2019Economie num\u00e9rique.<\/p>\n<p>Cette technique permet de sceller les donn\u00e9es-cl\u00e9s contenues dans un document moyennant une signature \u00e9lectronique rendue visible \u00e0 travers un QR Code. L\u2019adoption de cette technologie permet de faciliter les proc\u00e9dures administratives en exon\u00e9rant les personnes et les entreprises de l\u2019obligation de pr\u00e9senter des copies conformes et d\u2019\u00e9viter les risques de falsification.<\/p>\n<p class=\"dpsp-share-text\">Partager c&rsquo;est aimer!<\/p>\n<div class=\"wp-post-author-wrap wp-post-author-shortcode left\">\n<h3 class=\"awpa-title\"\/>\n<div class=\"wp-post-author\">\n<div class=\"awpa-img awpa-author-block square\"><a href=\"http:\/\/lexpertjournal.net\/fr\/author\/expert\/\"><img loading=\"lazy\" decoding=\"async\" alt=\"\" src=\"http:\/\/2.gravatar.com\/avatar\/56d99be2a6f97af88ccb49fada637fcd?s=150&#038;d=mm&#038;r=g\" srcset=\"http:\/\/2.gravatar.com\/avatar\/56d99be2a6f97af88ccb49fada637fcd?s=300&#038;d=mm&#038;r=g 2x\" class=\"avatar avatar-150 photo\" height=\"150\" width=\"150\"\/><\/a><\/div>\n<\/div>\n<\/div>\n<p>Auteur: L&rsquo;expert<br \/>\n<a href=\"http:\/\/lexpertjournal.net\/fr\/2019\/05\/22\/numerisation-des-services-le-cachet-electronique-visible-pour-faciliter-les-procedures-administratives\/\">Cliquez ici pour lire l&rsquo;article depuis sa source.<\/a><\/p>\n","protected":false},"excerpt":{"rendered":"<p>Une convention a \u00e9t\u00e9 sign\u00e9e, hier, entre le minist\u00e8re des Technologies de la communication et de l\u2019\u00e9conomie num\u00e9rique repr\u00e9sent\u00e9 par l\u2019Agence nationale de certification \u00e9lectronique et celle de la formation professionnelle et de l\u2019emploi repr\u00e9sent\u00e9e par la direction g\u00e9n\u00e9rale de l\u2019\u00e9migration et de la main d\u2019\u0153uvre \u00e9trang\u00e8re, dans l\u2019objectif de num\u00e9riser et de simplifier les [&hellip;]<\/p>\n","protected":false},"author":1775,"featured_media":0,"comment_status":"closed","ping_status":"closed","sticky":false,"template":"","format":"standard","meta":{"fifu_image_url":"","fifu_image_alt":"","footnotes":""},"categories":[78,55],"tags":[],"class_list":["post-35885","post","type-post","status-publish","format-standard","hentry","category-economie","category-tunisie"],"_links":{"self":[{"href":"https:\/\/linitiative.ca\/International\/wp-json\/wp\/v2\/posts\/35885","targetHints":{"allow":["GET"]}}],"collection":[{"href":"https:\/\/linitiative.ca\/International\/wp-json\/wp\/v2\/posts"}],"about":[{"href":"https:\/\/linitiative.ca\/International\/wp-json\/wp\/v2\/types\/post"}],"author":[{"embeddable":true,"href":"https:\/\/linitiative.ca\/International\/wp-json\/wp\/v2\/users\/1775"}],"replies":[{"embeddable":true,"href":"https:\/\/linitiative.ca\/International\/wp-json\/wp\/v2\/comments?post=35885"}],"version-history":[{"count":0,"href":"https:\/\/linitiative.ca\/International\/wp-json\/wp\/v2\/posts\/35885\/revisions"}],"wp:attachment":[{"href":"https:\/\/linitiative.ca\/International\/wp-json\/wp\/v2\/media?parent=35885"}],"wp:term":[{"taxonomy":"category","embeddable":true,"href":"https:\/\/linitiative.ca\/International\/wp-json\/wp\/v2\/categories?post=35885"},{"taxonomy":"post_tag","embeddable":true,"href":"https:\/\/linitiative.ca\/International\/wp-json\/wp\/v2\/tags?post=35885"}],"curies":[{"name":"wp","href":"https:\/\/api.w.org\/{rel}","templated":true}]}}