{"id":35891,"date":"2019-05-22T13:04:02","date_gmt":"2019-05-22T17:04:02","guid":{"rendered":"https:\/\/linitiative.ca\/International\/le-chanteur-du-style-malouf-abbas-righi-distingue-a-alger\/"},"modified":"2019-05-22T13:04:02","modified_gmt":"2019-05-22T17:04:02","slug":"le-chanteur-du-style-malouf-abbas-righi-distingue-a-alger","status":"publish","type":"post","link":"https:\/\/linitiative.ca\/International\/le-chanteur-du-style-malouf-abbas-righi-distingue-a-alger\/","title":{"rendered":"Le chanteur du style Malouf Abbas Righi distingu\u00e9 \u00e0 Alger"},"content":{"rendered":"<div>\n<div class=\"K2FeedImage\"><img decoding=\"async\" src=\"http:\/\/www.aps.dz\/media\/k2\/items\/cache\/b2ec8a5e34ebc5ae051588e3d4f25089_S.jpg\" alt=\"Le chanteur du style Malouf Abbas Righi distingu\u00e9 \u00e0 Alger\"><\/div>\n<div class=\"K2FeedIntroText\">\n<p><strong>ALGER &#8211; L&rsquo;Office national des droits d\u2019auteur et droits voisins (ONDA) a distingu\u00e9, lundi soir \u00e0 Alger, le chanteur du style\u00a0 Malouf Abbas Righi, \u00e0 l&rsquo;occasion de la sortie de son premier coffret de CD.<\/strong><\/p>\n<\/div>\n<div class=\"K2FeedFullText\">\n<p>Organis\u00e9e au Th\u00e9\u00e2tre national alg\u00e9rien (TNA), en pr\u00e9sence d&rsquo;un public nombreux, la c\u00e9r\u00e9monie a d\u00e9but\u00e9 par la projection d&rsquo;un documentaire de 10 mn, r\u00e9alis\u00e9 par l&rsquo;ONDA, sur le parcours artistique de Righi, contenant des parties de concerts et de soir\u00e9es anim\u00e9s par le chanteur, outre des extraits sur les principaux artistes l&rsquo;ayant marqu\u00e9s, \u00e0 l&rsquo;image du doyen de la chanson Malouf, le d\u00e9funt El Hadj Mohamed Tahar Fergani.<\/p>\n<p>M. Righi a consacr\u00e9 ce coffret de 4 CD, \u00e9dit\u00e9 par l&rsquo;ONDA (2018), sous le titre \u00ab\u00a0Couleurs de Constantine\u00a0\u00bb, \u00e0 la chanson constantinoise, dans ses diff\u00e9rents genres, en hommage aux chantres de cette musique.<\/p>\n<p>Accompagn\u00e9 de sa troupe musicale, Righi a interpr\u00e9t\u00e9 plusieurs titres tir\u00e9s du Malouf et du patrimoine andalou dont un Haouzi du Cheikh Mohamed Ben Msayeb \u00ab\u00a0Nar El Hawa Gdat Fi Kalbi\u00a0\u00bb et le fameux po\u00e8me \u00ab\u00a0Salah Bey\u00a0\u00bb.<\/p>\n<p>Par ailleurs, le chanteur du Malouf a exprim\u00e9 son \u00ab\u00a0immense joie\u00a0\u00bb de participer \u00e0 cette soir\u00e9e, se disant heureux pour sa distinction par l&rsquo;ONDA, d&rsquo;autant que son coffret se veut un \u00ab\u00a0hommage au Malouf constantinois\u00a0\u00bb.\u00a0\u00a0\u00a0\u00a0\u00a0\u00a0\u00a0<\/p>\n<p>L&rsquo;artiste qui compte parmi les jeunes talents qui perp\u00e9tuent la tradition de la musique Malouf \u00e0 Constantine, a particip\u00e9 \u00e0 plusieurs manifestations artistiques en Alg\u00e9rie et \u00e0 l&rsquo;\u00e9tranger notamment au Kazakhstan, Cor\u00e9e du Sud, Japon, Tunisie, Canada, Qatar et autres.<\/p>\n<p>L&rsquo;Association constantinoise \u00ab\u00a0Nassaim El Anas\u00a0\u00bb, pr\u00e9sente \u00e0 cette soir\u00e9e, a ex\u00e9cut\u00e9 un morceau musical selon le mode sika, ouvert avec un bachraf, suivi d&rsquo;un msedar intitul\u00e9 \u00ab\u00a0Akhfayt\u00a0\u00bb, d&rsquo;un b&rsquo;taihi intitul\u00e9 \u00ab\u00a0Bakiat el Ghamam\u00a0\u00bb, outre des insirafs et des khlass, avant de cl\u00f4turer avec un zejel spirituel intitul\u00e9 \u00ab\u00a0ya Rab el Arbab\u00a0\u00bb, interpr\u00e9t\u00e9 \u00e0 l&rsquo;occasion du mois sacr\u00e9 de ramadhan.<\/p>\n<p>Cr\u00e9\u00e9e en 2013, \u00ab\u00a0Nassaim el Anas\u00a0\u00bb est une association culturelle de musique andalouse destin\u00e9e aux jeunes, compos\u00e9e de 70 membres. \u00a0\u00a0\u00a0\u00a0\u00a0\u00a0\u00a0<\/p>\n<p>Ayant particip\u00e9 \u00e0 plusieurs festivals locaux et nationaux notamment \u00e0 Alger, Annaba, Skikda, Tenes, elle a pour vocation \u00ab\u00a0la transmission de l&rsquo;amour du malouf aux jeunes g\u00e9n\u00e9rations\u00a0\u00bb.<\/p>\n<p>Cette soir\u00e9e a \u00e9t\u00e9 anim\u00e9e dans le cadre des soir\u00e9es ramadanesques qu&rsquo;organise l&rsquo;ONDA, en coordination avec le TNA.<\/p>\n<\/div>\n<\/div>\n<p>Auteur:<br \/>\n<a href=\"http:\/\/www.aps.dz\/culture\/89720-le-chanteur-du-style-malouf-abbas-righi-distingue-a-alger\">Cliquez ici pour lire l&rsquo;article depuis sa source.<\/a><\/p>\n","protected":false},"excerpt":{"rendered":"<p>ALGER &#8211; L&rsquo;Office national des droits d\u2019auteur et droits voisins (ONDA) a distingu\u00e9, lundi soir \u00e0 Alger, le chanteur du style\u00a0 Malouf Abbas Righi, \u00e0 l&rsquo;occasion de la sortie de son premier coffret de CD. Organis\u00e9e au Th\u00e9\u00e2tre national alg\u00e9rien (TNA), en pr\u00e9sence d&rsquo;un public nombreux, la c\u00e9r\u00e9monie a d\u00e9but\u00e9 par la projection d&rsquo;un documentaire [&hellip;]<\/p>\n","protected":false},"author":1790,"featured_media":35892,"comment_status":"closed","ping_status":"closed","sticky":false,"template":"","format":"standard","meta":{"fifu_image_url":"","fifu_image_alt":"","footnotes":""},"categories":[53,79],"tags":[],"class_list":["post-35891","post","type-post","status-publish","format-standard","has-post-thumbnail","hentry","category-algerie","category-culture"],"_links":{"self":[{"href":"https:\/\/linitiative.ca\/International\/wp-json\/wp\/v2\/posts\/35891","targetHints":{"allow":["GET"]}}],"collection":[{"href":"https:\/\/linitiative.ca\/International\/wp-json\/wp\/v2\/posts"}],"about":[{"href":"https:\/\/linitiative.ca\/International\/wp-json\/wp\/v2\/types\/post"}],"author":[{"embeddable":true,"href":"https:\/\/linitiative.ca\/International\/wp-json\/wp\/v2\/users\/1790"}],"replies":[{"embeddable":true,"href":"https:\/\/linitiative.ca\/International\/wp-json\/wp\/v2\/comments?post=35891"}],"version-history":[{"count":0,"href":"https:\/\/linitiative.ca\/International\/wp-json\/wp\/v2\/posts\/35891\/revisions"}],"wp:featuredmedia":[{"embeddable":true,"href":"https:\/\/linitiative.ca\/International\/wp-json\/"}],"wp:attachment":[{"href":"https:\/\/linitiative.ca\/International\/wp-json\/wp\/v2\/media?parent=35891"}],"wp:term":[{"taxonomy":"category","embeddable":true,"href":"https:\/\/linitiative.ca\/International\/wp-json\/wp\/v2\/categories?post=35891"},{"taxonomy":"post_tag","embeddable":true,"href":"https:\/\/linitiative.ca\/International\/wp-json\/wp\/v2\/tags?post=35891"}],"curies":[{"name":"wp","href":"https:\/\/api.w.org\/{rel}","templated":true}]}}