{"id":35908,"date":"2019-05-22T12:13:41","date_gmt":"2019-05-22T16:13:41","guid":{"rendered":"https:\/\/linitiative.ca\/International\/la-dreflcd-du-haut-atlas-se-mobilise-pour-reduire-les-superficies-incendiees\/"},"modified":"2019-05-22T12:13:41","modified_gmt":"2019-05-22T16:13:41","slug":"la-dreflcd-du-haut-atlas-se-mobilise-pour-reduire-les-superficies-incendiees","status":"publish","type":"post","link":"https:\/\/linitiative.ca\/International\/la-dreflcd-du-haut-atlas-se-mobilise-pour-reduire-les-superficies-incendiees\/","title":{"rendered":"La DREFLCD du Haut Atlas se mobilise pour r\u00e9duire les superficies incendi\u00e9es"},"content":{"rendered":"<div readability=\"39\">\n<p>Marrakech \u2013 La Direction r\u00e9gionale des Eaux et For\u00eats et de lutte contre la d\u00e9sertification du Haut Atlas \u00e0 Marrakech (DREFLCD du HA) a mobilis\u00e9 ses moyens mat\u00e9riels et humains, \u00e0 l\u2019occasion du lancement de la campagne de pr\u00e9vention et de lutte contre les feux de for\u00eats, pour une organisation optimale durant la saison estivale, qualifi\u00e9e \u00ab\u00a0p\u00e9riode \u00e0 haut risque\u00a0\u00bb, dans l\u2019objectif de pr\u00e9venir et r\u00e9duire le nombre de d\u00e9part de feu et de superficies incendi\u00e9es.<\/p>\n<\/div>\n<div readability=\"129\">\n<p>Selon un communiqu\u00e9 de la Direction, les peuplements r\u00e9sineux tr\u00e8s vuln\u00e9rables qui font la sp\u00e9cificit\u00e9 de la zone, sont extr\u00eamement inflammables en pr\u00e9sence de facteurs d\u00e9clenchant notamment les hautes temp\u00e9ratures, la faible humidit\u00e9 atmosph\u00e9rique favorisant la diss\u00e9mination rapide du feu, outre la s\u00e9cheresse et les vents \u00e0 fort pouvoir dess\u00e9chant, sans oublier la strate herbac\u00e9e s\u00e8che qui augmente le facteur de risque de d\u00e9part de feu.<\/p>\n<p>De ce fait, l\u2019intervention de la DREFLCD du HA en mati\u00e8re de pr\u00e9vention et de lutte contre les feux de for\u00eats repose sur une \u00e9tude pr\u00e9cise du milieu et des conditions m\u00e9t\u00e9orologiques avec l\u2019ajustement continuel des m\u00e9thodologies d\u2019intervention.<\/p>\n<p>En outre, la Direction a mis en \u0153uvre de nouvelles pratiques pour conduire les op\u00e9rations pour pr\u00e9server la for\u00eat des feux en se basant sur l\u2019analyse syst\u00e9matique des enseignements des exp\u00e9riences cumul\u00e9es, en phase avec les d\u00e9fis actuels.<\/p>\n<p>En mati\u00e8re de coordination, des r\u00e9unions de suivi sont entreprises au niveau des Provinces pour la mutualisation des efforts et des moyens des diff\u00e9rents acteurs impliqu\u00e9s dans la pr\u00e9vention et la lutte contre les incendies des for\u00eats avec les diff\u00e9rents partenaires.<\/p>\n<p>En mati\u00e8re de pr\u00e9vention, la Direction m\u00e8ne des campagnes de sensibilisation adressant des messages sp\u00e9cifiques visant les usagers de la for\u00eat \u00e0 travers des cri\u00e9es au niveau des souks hebdomadaires et les pr\u00eaches du vendredi, en plus des r\u00e9unions formelles au niveau local.<\/p>\n<p>La presse \u00e9crite, la radio et la t\u00e9l\u00e9vision sont \u00e9galement des canaux utilis\u00e9s aussi pour polariser la pens\u00e9e vers une attitude responsable envers la for\u00eat et \u00e9viter les gestes de mise \u00e0 feu commis par inadvertance au niveau des espaces forestiers.<\/p>\n<p>La Direction a \u00e9galement \u00e9tabli un programme de sensibilisation aux risques d\u2019incendies avec ses partenaires (Minist\u00e8re de l\u2019\u00e9ducation, Associations locales, Minist\u00e8re de l\u2019Equipement et du Transport, D\u00e9l\u00e9gation de la Jeunesse et des Sports, Autorit\u00e9s Locales), vecteur positif pour poindre une dynamique pour \u00e9veiller la conscience \u00e9cologique et densifier la r\u00e9flexion dans ce sens, pour l\u2019adoption de gestes et d\u2019attitude \u00ab\u00a0\u00e9co-responsable\u00a0\u00bb vis-\u00e0-vis de la for\u00eat et la pr\u00e9server contre les diff\u00e9rents sinistres notamment le feu.<\/p>\n<p>En application de l\u2019ordre des op\u00e9rations pour la pr\u00e9vention et la lutte contre les feux de for\u00eats, la direction a proc\u00e9d\u00e9 \u00e0 la v\u00e9rification de l\u2019\u00e9tat de fonctionnement de ses \u00e9quipements et des infrastructures notamment les pistes foresti\u00e8res ouvertes sur plus 228,68 Km dont 54 Km d\u2019entretenues, les 30 points d\u2019eau am\u00e9nag\u00e9s, les postes vigies (21) v\u00e9rifi\u00e9s, les V\u00e9hicules de Premi\u00e8res Interventions (VPI) et autres \u00e9quipements de lutte ayant fait l\u2019objet de maintenance.<\/p>\n<p>La Direction a \u00e9galement saisi ses services pour veiller \u00e0 la disponibilit\u00e9 et le bon fonctionnement des moyens de communication et de positionnement : GSM, GPS, jumelle et cartes des infrastructures.<\/p>\n<p>Pour ce qui est de l\u2019am\u00e9nagement du combustible forestier, la Direction a engag\u00e9 les travaux d\u2019\u00e9claircie, de taille et de d\u00e9broussaillage et entretenu les tranch\u00e9es pare-feu afin de r\u00e9duire les accumulations de combustible, par ordre de priorit\u00e9.<\/p>\n<p>Ces op\u00e9rations de compartimentation du combustible concernent les bandes de s\u00e9curit\u00e9 des infrastructures publiques et priv\u00e9es situ\u00e9es \u00e0 proximit\u00e9 ou dans les for\u00eats, et ce, en concertation avec les partenaires : le Minist\u00e8re de l\u2019Equipement et des Transports, les Autoroutes du Maroc, l\u2019Office National des Chemins de Fer, l\u2019Office National de l\u2019Electricit\u00e9, le Minist\u00e8re de l\u2019int\u00e9rieur, les Op\u00e9rateurs de T\u00e9l\u00e9phonie Mobile, la soci\u00e9t\u00e9 d\u2019investissements \u00e9nerg\u00e9tiques et autres.<\/p>\n<p>La Direction corrobore ce dispositif par une sylviculture pr\u00e9ventive visant la modification structurelle de la for\u00eat pour contrarier la progression du feu, en se basant sur la diversification des esp\u00e8ces tout en respectant le paysage et le caract\u00e8re de la zone, ainsi que les habitats de la vie sauvage, en passant par l\u2019ouverture et l\u2019entretien des coupures de combustible.<\/p>\n<p>Rappelons que l\u2019analyse de l\u2019historique des incendies depuis 2010 fait ressortir une baisse de la superficie moyenne incendi\u00e9e \u00e0 partir de 2015 par rapport aux ann\u00e9es pr\u00e9c\u00e9dentes. En 2018, seuls 3 d\u00e9parts de feu ont \u00e9t\u00e9 enregistr\u00e9s au niveau du territoire de la DREFLCD du HA, avec une superficie touch\u00e9e par le feu ne d\u00e9passant pas les 13 hectares.<\/p>\n<\/div>\n<p>Auteur: Meriem IGASS<br \/>\n<a href=\"http:\/\/www.mapmarrakech.ma\/fr\/la-dreflcd-du-haut-atlas-se-mobilise-pour-reduire-les-superficies-incendiees\/\">Cliquez ici pour lire l&rsquo;article depuis sa source.<\/a><\/p>\n","protected":false},"excerpt":{"rendered":"<p>Marrakech \u2013 La Direction r\u00e9gionale des Eaux et For\u00eats et de lutte contre la d\u00e9sertification du Haut Atlas \u00e0 Marrakech (DREFLCD du HA) a mobilis\u00e9 ses moyens mat\u00e9riels et humains, \u00e0 l\u2019occasion du lancement de la campagne de pr\u00e9vention et de lutte contre les feux de for\u00eats, pour une organisation optimale durant la saison estivale, [&hellip;]<\/p>\n","protected":false},"author":1788,"featured_media":0,"comment_status":"closed","ping_status":"closed","sticky":false,"template":"","format":"standard","meta":{"fifu_image_url":"","fifu_image_alt":"","footnotes":""},"categories":[54,76],"tags":[],"class_list":["post-35908","post","type-post","status-publish","format-standard","hentry","category-maroc","category-regions"],"_links":{"self":[{"href":"https:\/\/linitiative.ca\/International\/wp-json\/wp\/v2\/posts\/35908","targetHints":{"allow":["GET"]}}],"collection":[{"href":"https:\/\/linitiative.ca\/International\/wp-json\/wp\/v2\/posts"}],"about":[{"href":"https:\/\/linitiative.ca\/International\/wp-json\/wp\/v2\/types\/post"}],"author":[{"embeddable":true,"href":"https:\/\/linitiative.ca\/International\/wp-json\/wp\/v2\/users\/1788"}],"replies":[{"embeddable":true,"href":"https:\/\/linitiative.ca\/International\/wp-json\/wp\/v2\/comments?post=35908"}],"version-history":[{"count":0,"href":"https:\/\/linitiative.ca\/International\/wp-json\/wp\/v2\/posts\/35908\/revisions"}],"wp:attachment":[{"href":"https:\/\/linitiative.ca\/International\/wp-json\/wp\/v2\/media?parent=35908"}],"wp:term":[{"taxonomy":"category","embeddable":true,"href":"https:\/\/linitiative.ca\/International\/wp-json\/wp\/v2\/categories?post=35908"},{"taxonomy":"post_tag","embeddable":true,"href":"https:\/\/linitiative.ca\/International\/wp-json\/wp\/v2\/tags?post=35908"}],"curies":[{"name":"wp","href":"https:\/\/api.w.org\/{rel}","templated":true}]}}