{"id":35909,"date":"2019-05-22T05:14:25","date_gmt":"2019-05-22T09:14:25","guid":{"rendered":"https:\/\/linitiative.ca\/International\/el-oued-25-mds-da-dinvestissements-pour-ameliorer-le-reseau-delectricite\/"},"modified":"2019-05-22T05:14:25","modified_gmt":"2019-05-22T09:14:25","slug":"el-oued-25-mds-da-dinvestissements-pour-ameliorer-le-reseau-delectricite","status":"publish","type":"post","link":"https:\/\/linitiative.ca\/International\/el-oued-25-mds-da-dinvestissements-pour-ameliorer-le-reseau-delectricite\/","title":{"rendered":"El-Oued: 2,5 mds DA d\u2019investissements pour am\u00e9liorer le r\u00e9seau d\u2019\u00e9lectricit\u00e9"},"content":{"rendered":"<div>\n<div class=\"K2FeedImage\"><img decoding=\"async\" src=\"http:\/\/www.aps.dz\/media\/k2\/items\/cache\/31eb64e78d1dc93ea6b114c5a04b1ffc_S.jpg\" alt=\"El-Oued: 2,5 mds DA d\u2019investissements pour am\u00e9liorer le r\u00e9seau d\u2019\u00e9lectricit\u00e9\"><\/div>\n<div class=\"K2FeedIntroText\">\n<p><strong>EL-OUED &#8211; Un volume d\u2019investissement de 2,5 milliards DA a \u00e9t\u00e9 consenti par la soci\u00e9t\u00e9 de distribution de l\u2019\u00e9lectricit\u00e9 et du gaz (Sonelgaz) d\u2019El-Oued, au cours des six derni\u00e8res ann\u00e9es, pour l\u2019am\u00e9lioration du r\u00e9seau de distribution de l\u2019\u00e9lectricit\u00e9, a-t-on appris mercredi aupr\u00e8s de l\u2019entreprise.<\/strong><\/p>\n<\/div>\n<div class=\"K2FeedFullText\">\n<p>Dans le cadre de l\u2019ex\u00e9cution de ce programme d\u2019urgence amorc\u00e9 en 2013 et touchant les 30 communes de la wilaya, l\u2019entreprise a install\u00e9 470 transformateurs (a\u00e9riens et terrestres) en plus de la r\u00e9alisation de 640 km de r\u00e9seau d\u2019\u00e9lectricit\u00e9 de moyenne et basse tension, a indiqu\u00e9 le charg\u00e9 de communication de l\u2019entreprise, Habib Meslem.<\/p>\n<p>Pour l\u2019ann\u00e9e 2019, une enveloppe de 340 millions DA a \u00e9t\u00e9 pr\u00e9vue pour la r\u00e9alisation de huit (8) transformateurs \u00e0 travers sept (7) communes, en plus de cinq (5) nouveaux d\u00e9parts de lignes de haute tension (30 kilovolts) sur un lin\u00e9aire de 77 km et de 27 op\u00e9rations de raccordement entre les d\u00e9parts sur 20 km, et dont les travaux sont \u00e0 pr\u00e8s de 80% d\u2019avancement, a-t-il ajout\u00e9.<\/p>\n<hr>\n<h3>Lire aussi:\u00a0<a href=\"http:\/\/www.aps.dz\/economie\/84646-sonelgaz-un-chiffre-d-affaires-de-390-milliards-da-en-2018\" target=\"_blank\" rel=\"noopener noreferrer\">Sonelgaz: un chiffre d&rsquo;affaires de 390 milliards DA en 2018<\/a><\/h3>\n<hr>\n<p>Ces projets, r\u00e9alis\u00e9s ou en cours, viennent, en plus d\u2019am\u00e9liorer le r\u00e9seau de distribution et de rem\u00e9dier aux perturbations enregistr\u00e9s ces derni\u00e8res ann\u00e9es dans certaines zones d\u2019habitation, accompagner aussi le d\u00e9veloppement des investissements agricoles et industriels dans la wilaya, selon M. Meslem.<\/p>\n<p>Ces investissements ont, en effet, contribu\u00e9 \u00e0 l\u2019impulsion de la dynamique d\u2019investissement industriel et l\u2019\u00e9mergence de petites et moyennes entreprises, ainsi qu\u2019\u00e0 l\u2019extension des surfaces agricoles irrigu\u00e9es, a-t-il soulign\u00e9.<\/p>\n<p>En pr\u00e9vision de la saison estivale, la Sonelgaz d\u2019El-Oued a mobilis\u00e9 19 \u00e9quipes, se relayant sur 24\/24 heures sur les 7 jours de la semaine, pour intervenir en urgence en cas de perturbations sur le r\u00e9seau, fait savoir \u00e9galement le charg\u00e9 de communication.<\/p>\n<\/div>\n<\/div>\n<p>Auteur:<br \/>\n<a href=\"http:\/\/www.aps.dz\/regions\/89742-el-oued-plus-de-2-5-mds-da-d-investissements-pour-ameliorer-le-reseau-d-electricite\">Cliquez ici pour lire l&rsquo;article depuis sa source.<\/a><\/p>\n","protected":false},"excerpt":{"rendered":"<p>EL-OUED &#8211; Un volume d\u2019investissement de 2,5 milliards DA a \u00e9t\u00e9 consenti par la soci\u00e9t\u00e9 de distribution de l\u2019\u00e9lectricit\u00e9 et du gaz (Sonelgaz) d\u2019El-Oued, au cours des six derni\u00e8res ann\u00e9es, pour l\u2019am\u00e9lioration du r\u00e9seau de distribution de l\u2019\u00e9lectricit\u00e9, a-t-on appris mercredi aupr\u00e8s de l\u2019entreprise. Dans le cadre de l\u2019ex\u00e9cution de ce programme d\u2019urgence amorc\u00e9 en [&hellip;]<\/p>\n","protected":false},"author":1790,"featured_media":35910,"comment_status":"closed","ping_status":"closed","sticky":false,"template":"","format":"standard","meta":{"fifu_image_url":"","fifu_image_alt":"","footnotes":""},"categories":[53,76],"tags":[],"class_list":["post-35909","post","type-post","status-publish","format-standard","has-post-thumbnail","hentry","category-algerie","category-regions"],"_links":{"self":[{"href":"https:\/\/linitiative.ca\/International\/wp-json\/wp\/v2\/posts\/35909","targetHints":{"allow":["GET"]}}],"collection":[{"href":"https:\/\/linitiative.ca\/International\/wp-json\/wp\/v2\/posts"}],"about":[{"href":"https:\/\/linitiative.ca\/International\/wp-json\/wp\/v2\/types\/post"}],"author":[{"embeddable":true,"href":"https:\/\/linitiative.ca\/International\/wp-json\/wp\/v2\/users\/1790"}],"replies":[{"embeddable":true,"href":"https:\/\/linitiative.ca\/International\/wp-json\/wp\/v2\/comments?post=35909"}],"version-history":[{"count":0,"href":"https:\/\/linitiative.ca\/International\/wp-json\/wp\/v2\/posts\/35909\/revisions"}],"wp:featuredmedia":[{"embeddable":true,"href":"https:\/\/linitiative.ca\/International\/wp-json\/"}],"wp:attachment":[{"href":"https:\/\/linitiative.ca\/International\/wp-json\/wp\/v2\/media?parent=35909"}],"wp:term":[{"taxonomy":"category","embeddable":true,"href":"https:\/\/linitiative.ca\/International\/wp-json\/wp\/v2\/categories?post=35909"},{"taxonomy":"post_tag","embeddable":true,"href":"https:\/\/linitiative.ca\/International\/wp-json\/wp\/v2\/tags?post=35909"}],"curies":[{"name":"wp","href":"https:\/\/api.w.org\/{rel}","templated":true}]}}