{"id":35911,"date":"2019-05-22T07:16:24","date_gmt":"2019-05-22T11:16:24","guid":{"rendered":"https:\/\/linitiative.ca\/International\/ghardaia-des-actions-pour-regenerer-lacacia-raddiana-et-le-pistachier-de-latlas\/"},"modified":"2019-05-22T07:16:24","modified_gmt":"2019-05-22T11:16:24","slug":"ghardaia-des-actions-pour-regenerer-lacacia-raddiana-et-le-pistachier-de-latlas","status":"publish","type":"post","link":"https:\/\/linitiative.ca\/International\/ghardaia-des-actions-pour-regenerer-lacacia-raddiana-et-le-pistachier-de-latlas\/","title":{"rendered":"Gharda\u00efa: des actions pour r\u00e9g\u00e9n\u00e9rer l\u2019Acacia Raddiana et le pistachier de l\u2019Atlas"},"content":{"rendered":"<div>\n<div class=\"K2FeedIntroText\">\n<p><strong>GHARDAIA &#8211; Des actions de collectes de graines de semence pour la r\u00e9g\u00e9n\u00e9ration et la multiplication des peuplements de l\u2019Acacia Raddiana et du pistachier de l\u2019Atlas ont \u00e9t\u00e9 lanc\u00e9es dans les zones arides et d\u00e9sertiques de la wilaya de Gharda\u00efa, a indiqu\u00e9 mercredi \u00e0 l\u2019APS le conservateur des for\u00eats par int\u00e9rim de la wilaya.<\/strong><\/p>\n<\/div>\n<div class=\"K2FeedFullText\">\n<p>S\u2019exprimant \u00e0 l\u2019occasion de la Journ\u00e9e internationale de la biodiversit\u00e9, Mohamed Ameur a pr\u00e9cis\u00e9 que cette collecte de graines de l\u2019Acacia Raddiana et du Pistachier de l\u2019Atlas va permettre la multiplication des plants de ces arbres end\u00e9miques dans la p\u00e9pini\u00e8re de Zelfana, afin d\u2019emp\u00eacher l\u2019extinction de ces esp\u00e8ces li\u00e9e \u00e0 la d\u00e9sertification et de renforcer la densit\u00e9 de ces arbres par des plantations.<\/p>\n<p>Selon le responsable du secteur des for\u00eats de Gharda\u00efa, ces actions sont men\u00e9es sur la base des r\u00e9sultats d\u2019une \u00e9tude de sauvegarde de l\u2019Acacia et du pistachier de l\u2019Atlas, r\u00e9alis\u00e9e par le Bureau national d\u2019\u00e9tude pour le d\u00e9veloppement rural (BNEDER) \u00e0 la demande du minist\u00e8re de l\u2019Agriculture, du D\u00e9veloppement rural et de la P\u00eache,\u00a0 pour le compte de la direction g\u00e9n\u00e9rale des For\u00eats.<\/p>\n<blockquote>\n<p><em><strong>\u00ab\u00a0Avec des moyens raisonnables et un ferme engagement de tous, nous pouvons r\u00e9habiliter et d\u00e9velopper ces esp\u00e8ces foresti\u00e8res, mis en p\u00e9ril par une surexploitation de l\u2019homme, l\u2019\u00e9rosion et le stress hydrique, pour la sauvegarde de la biodiversit\u00e9 et le maintien des grands \u00e9quilibres naturels\u00a0\u00bb, a-t-il affirm\u00e9.<\/strong><\/em><\/p>\n<\/blockquote>\n<hr>\n<h3>Lire aussi:\u00a0<a href=\"http:\/\/www.aps.dz\/economie\/88616-omari-appelle-a-l-exploitation-optimale-des-ressources-forestieres\" target=\"_blank\" rel=\"noopener noreferrer\">Agriculture: appel \u00e0 l&rsquo;exploitation optimale des ressources foresti\u00e8res<\/a><\/h3>\n<hr>\n<p>Longtemps d\u00e9laiss\u00e9e, l\u2019Acacia\u00a0 (Tala en Arabe et Abr\u00e8ge en Tamazight), une esp\u00e8ce particuli\u00e8rement bien adapt\u00e9e \u00e0 la s\u00e9cheresse, r\u00e9put\u00e9e aussi pour son efficacit\u00e9 dans la fixation du sol et la lutte contre la d\u00e9sertification, est plus que jamais devenu un arbre d\u2019int\u00e9r\u00eat particulier aupr\u00e8s de la conservation des for\u00eats de la wilaya pour sa r\u00e9g\u00e9n\u00e9ration et sa pr\u00e9servation, a-t-il expliqu\u00e9.<\/p>\n<p>L\u2019Acacia est r\u00e9pandu au sud de la wilaya dans la r\u00e9gion d\u2019El-Menia sur une superficie de plus de 14.500 hectares, avec une densit\u00e9 de 20 \u00e0 30%, a fait observer le responsable de la flore et la faune de la conservation des for\u00eats de Gharda\u00efa.<\/p>\n<p>Arbre aux nombreuses vertus, il joue un r\u00f4le majeur dans les r\u00e9gions sahariennes notamment comme fourrage pour l\u2019alimentation du b\u00e9tail, et est \u00e9galement utilis\u00e9 dans la pharmacop\u00e9e traditionnelle saharienne, notamment la gomme extraite de cet arbre, ses feuilles, ses fleurs et ses fruits, a d\u00e9taill\u00e9 Abdelwahab Cheddad.<\/p>\n<blockquote>\n<p><em><strong>Le pistachier de l\u2019atlas (El-Botma en arabe et Iggh en Tamazight) fait partie \u00e9galement du patrimoine forestier du Sahara menac\u00e9 d\u2019extinction, et une colonie de pr\u00e8s de 700 individus ont \u00e9t\u00e9 r\u00e9pertories dans la r\u00e9gion nord de la wilaya de Gharda\u00efa (Berriane, Guerrara et Daya Ben Dahoua).<\/strong><\/em><\/p>\n<\/blockquote>\n<hr>\n<h3>Lire aussi:\u00a0<a href=\"http:\/\/www.aps.dz\/economie\/86650-bouazghi-necessite-de-valoriser-le-role-de-la-foret-dans-le-developpement-agricole\" target=\"_blank\" rel=\"noopener noreferrer\">Bouazghi: n\u00e9cessit\u00e9 de valoriser le r\u00f4le de la for\u00eat dans le d\u00e9veloppement agricole<\/a><\/h3>\n<hr>\n<p>Arbre \u00e0 usage multiple, le pistachier de l\u2019Atlas constitue un rempart biologique de lutte contre la d\u00e9sertification parce que l&rsquo;\u00e9cosyst\u00e8me assure la protection du sol contre l\u2019\u00e9rosion, favorisant ainsi l\u2019alimentation en eau des nappes phr\u00e9atiques.<\/p>\n<p>Son fruit \u00ab\u00a0pistache\u00a0\u00bb est riche en huile, \u00e9nerg\u00e9tique et tr\u00e8s pris\u00e9e par la population, et son \u00e9corce produit de la r\u00e9sine mastic (colophane visqueuse) \u00e0 usage m\u00e9dical.<\/p>\n<p>Pour tenter de pr\u00e9server et de multiplier ces peuplements (Acacia et Pistachier) et la r\u00e9g\u00e9n\u00e9ration de ce patrimoine, les agents des forets collectent syst\u00e9matiquement des graines qu&rsquo;ils replantent ou conservent, afin de les tester dans les p\u00e9pini\u00e8res et d&#8217;emp\u00eacher la disparition de ces esp\u00e8ce, li\u00e9e \u00e0 la d\u00e9forestation ou \u00e0 la surexploitation dans les zones d\u00e9sertique au sud de la wilaya de Gharda\u00efa.<\/p>\n<p>Les responsables de la Conservation des for\u00eats ont \u00e9galement mis en place r\u00e9cemment d\u2019une \u00e9quipe sp\u00e9cialis\u00e9e, en collaboration avec la gendarmerie nationale, pour lutter contre l&rsquo;abattage ill\u00e9gal des arbres et le braconnage de la faune sauvage ainsi que le trafic li\u00e9 \u00e0 la faune et la flore sauvages, conform\u00e9ment aux conventions du Fonds Mondial pour la Nature (WWF).<\/p>\n<\/div>\n<\/div>\n<p>Auteur:<br \/>\n<a href=\"http:\/\/www.aps.dz\/regions\/89744-ghardaia-des-actions-pour-regenerer-l-acacia-raddiana-et-le-pistachier-de-l-atlas\">Cliquez ici pour lire l&rsquo;article depuis sa source.<\/a><\/p>\n","protected":false},"excerpt":{"rendered":"<p>GHARDAIA &#8211; Des actions de collectes de graines de semence pour la r\u00e9g\u00e9n\u00e9ration et la multiplication des peuplements de l\u2019Acacia Raddiana et du pistachier de l\u2019Atlas ont \u00e9t\u00e9 lanc\u00e9es dans les zones arides et d\u00e9sertiques de la wilaya de Gharda\u00efa, a indiqu\u00e9 mercredi \u00e0 l\u2019APS le conservateur des for\u00eats par int\u00e9rim de la wilaya. S\u2019exprimant [&hellip;]<\/p>\n","protected":false},"author":1790,"featured_media":0,"comment_status":"closed","ping_status":"closed","sticky":false,"template":"","format":"standard","meta":{"fifu_image_url":"","fifu_image_alt":"","footnotes":""},"categories":[53,76],"tags":[],"class_list":["post-35911","post","type-post","status-publish","format-standard","hentry","category-algerie","category-regions"],"_links":{"self":[{"href":"https:\/\/linitiative.ca\/International\/wp-json\/wp\/v2\/posts\/35911","targetHints":{"allow":["GET"]}}],"collection":[{"href":"https:\/\/linitiative.ca\/International\/wp-json\/wp\/v2\/posts"}],"about":[{"href":"https:\/\/linitiative.ca\/International\/wp-json\/wp\/v2\/types\/post"}],"author":[{"embeddable":true,"href":"https:\/\/linitiative.ca\/International\/wp-json\/wp\/v2\/users\/1790"}],"replies":[{"embeddable":true,"href":"https:\/\/linitiative.ca\/International\/wp-json\/wp\/v2\/comments?post=35911"}],"version-history":[{"count":0,"href":"https:\/\/linitiative.ca\/International\/wp-json\/wp\/v2\/posts\/35911\/revisions"}],"wp:attachment":[{"href":"https:\/\/linitiative.ca\/International\/wp-json\/wp\/v2\/media?parent=35911"}],"wp:term":[{"taxonomy":"category","embeddable":true,"href":"https:\/\/linitiative.ca\/International\/wp-json\/wp\/v2\/categories?post=35911"},{"taxonomy":"post_tag","embeddable":true,"href":"https:\/\/linitiative.ca\/International\/wp-json\/wp\/v2\/tags?post=35911"}],"curies":[{"name":"wp","href":"https:\/\/api.w.org\/{rel}","templated":true}]}}