{"id":35917,"date":"2019-05-21T18:23:19","date_gmt":"2019-05-21T22:23:19","guid":{"rendered":"https:\/\/linitiative.ca\/International\/aeroport-nador-al-aroui-hausse-de-plus-de-16-du-trafic-passagers-en-avril-dernier\/"},"modified":"2019-05-21T18:23:19","modified_gmt":"2019-05-21T22:23:19","slug":"aeroport-nador-al-aroui-hausse-de-plus-de-16-du-trafic-passagers-en-avril-dernier","status":"publish","type":"post","link":"https:\/\/linitiative.ca\/International\/aeroport-nador-al-aroui-hausse-de-plus-de-16-du-trafic-passagers-en-avril-dernier\/","title":{"rendered":"A\u00e9roport Nador-Al Aroui: Hausse de plus de 16% du trafic passagers en avril dernier"},"content":{"rendered":"<div class=\"single-featured\"><img alt=\"A\u00e9roport Nador-Al Aroui\" data-src=\"http:\/\/www.mapoujda.ma\/map\/uploads\/2019\/01\/Nador_Aeroport.jpg\"\/><\/div>\n<div class=\"single-post-excerpt post-excerpt-bc\" readability=\"36\">\n<p>L\u2019a\u00e9roport international Nador-Al Aroui a enregistr\u00e9 au mois d\u2019avril dernier une hausse de 16,89% en termes de trafic passagers par rapport \u00e0 la m\u00eame p\u00e9riode une ann\u00e9e auparavant, a indiqu\u00e9 l\u2019Office national des a\u00e9roports (ONDA).<\/p>\n<\/div>\n<div class=\"entry-content clearfix single-post-content\" readability=\"68\">\n<p>Selon les donn\u00e9es de l\u2019Office, le nombre de passagers ayant transit\u00e9 par cette plateforme a\u00e9roportuaire en avril dernier a atteint 67.384, contre 57.646 voyageurs en avril 2018, soit 2,92% du trafic a\u00e9rien commercial au Maroc.<\/p>\n<p>Le nombre de passagers qui ont transit\u00e9 via l\u2019a\u00e9roport Nador-Al Aroui durant les quatre premiers mois de cette ann\u00e9e s\u2019est \u00e9tabli \u00e0 220.761, en progression de 7,19% par rapport \u00e0 la m\u00eame p\u00e9riode de l\u2019ann\u00e9e 2018, pr\u00e9cise la m\u00eame source.<\/p>\n<p>Cette performance repr\u00e9sente 2,79% du trafic a\u00e9rien dans l\u2019ensemble des a\u00e9roports du royaume, pla\u00e7ant ainsi cet a\u00e9roport \u00e0 la 7\u00e8me place \u00e0 l\u2019\u00e9chelon national et \u00e0 la premi\u00e8re place sur le plan r\u00e9gional devant l\u2019a\u00e9roport d\u2019Oujda-Angad.<\/p>\n<p>La ville de Nador est desservie \u00e0 partir de plusieurs a\u00e9roports notamment Bruxelles et Charleroi (Belgique), Amsterdam (Pays-Bas), Paris, Marseille et Montpellier (France), Madrid, Barcelone, Majorque et G\u00e9rone (Espagne), Frankfurt, Cologne et Dusseldorf (Allemagne).<\/p>\n<p>En 2018, quelque 710.559 passagers ont utilis\u00e9 cette plateforme a\u00e9roportuaire, contre 702.689 en 2017.<\/p>\n<\/div>\n<p>Auteur: Soufiane ELAHMAR<br \/>\n<a href=\"http:\/\/www.mapoujda.ma\/fr\/aeroport-nador-al-aroui-hausse-de-plus-de-16-du-trafic-passagers-en-avril-dernier\/\">Cliquez ici pour lire l&rsquo;article depuis sa source.<\/a><\/p>\n","protected":false},"excerpt":{"rendered":"<p>L\u2019a\u00e9roport international Nador-Al Aroui a enregistr\u00e9 au mois d\u2019avril dernier une hausse de 16,89% en termes de trafic passagers par rapport \u00e0 la m\u00eame p\u00e9riode une ann\u00e9e auparavant, a indiqu\u00e9 l\u2019Office national des a\u00e9roports (ONDA). Selon les donn\u00e9es de l\u2019Office, le nombre de passagers ayant transit\u00e9 par cette plateforme a\u00e9roportuaire en avril dernier a atteint [&hellip;]<\/p>\n","protected":false},"author":1788,"featured_media":35918,"comment_status":"closed","ping_status":"closed","sticky":false,"template":"","format":"standard","meta":{"fifu_image_url":"","fifu_image_alt":"","footnotes":""},"categories":[54,76],"tags":[],"class_list":["post-35917","post","type-post","status-publish","format-standard","has-post-thumbnail","hentry","category-maroc","category-regions"],"_links":{"self":[{"href":"https:\/\/linitiative.ca\/International\/wp-json\/wp\/v2\/posts\/35917","targetHints":{"allow":["GET"]}}],"collection":[{"href":"https:\/\/linitiative.ca\/International\/wp-json\/wp\/v2\/posts"}],"about":[{"href":"https:\/\/linitiative.ca\/International\/wp-json\/wp\/v2\/types\/post"}],"author":[{"embeddable":true,"href":"https:\/\/linitiative.ca\/International\/wp-json\/wp\/v2\/users\/1788"}],"replies":[{"embeddable":true,"href":"https:\/\/linitiative.ca\/International\/wp-json\/wp\/v2\/comments?post=35917"}],"version-history":[{"count":0,"href":"https:\/\/linitiative.ca\/International\/wp-json\/wp\/v2\/posts\/35917\/revisions"}],"wp:featuredmedia":[{"embeddable":true,"href":"https:\/\/linitiative.ca\/International\/wp-json\/"}],"wp:attachment":[{"href":"https:\/\/linitiative.ca\/International\/wp-json\/wp\/v2\/media?parent=35917"}],"wp:term":[{"taxonomy":"category","embeddable":true,"href":"https:\/\/linitiative.ca\/International\/wp-json\/wp\/v2\/categories?post=35917"},{"taxonomy":"post_tag","embeddable":true,"href":"https:\/\/linitiative.ca\/International\/wp-json\/wp\/v2\/tags?post=35917"}],"curies":[{"name":"wp","href":"https:\/\/api.w.org\/{rel}","templated":true}]}}