{"id":35919,"date":"2019-05-22T13:26:47","date_gmt":"2019-05-22T17:26:47","guid":{"rendered":"https:\/\/linitiative.ca\/International\/iftar-collectif-caravane-medicale-et-animation-au-profit-des-pensionnaires-de-la-prison-locale-de-bouarfa\/"},"modified":"2019-05-22T13:26:47","modified_gmt":"2019-05-22T17:26:47","slug":"iftar-collectif-caravane-medicale-et-animation-au-profit-des-pensionnaires-de-la-prison-locale-de-bouarfa","status":"publish","type":"post","link":"https:\/\/linitiative.ca\/International\/iftar-collectif-caravane-medicale-et-animation-au-profit-des-pensionnaires-de-la-prison-locale-de-bouarfa\/","title":{"rendered":"Iftar collectif, caravane m\u00e9dicale et animation au profit des pensionnaires de la prison locale de Bouarfa"},"content":{"rendered":"<div readability=\"38\">\n<p>Dans une atmosph\u00e8re de solidarit\u00e9 et de partage, les pensionnaires de la prison locale de Bouarfa ont b\u00e9n\u00e9fici\u00e9, mardi, d\u2019une caravane m\u00e9dicale multidisciplinaire, ainsi que de plusieurs activit\u00e9s sportives et culturelles avant d\u2019\u00eatre convi\u00e9s \u00e0 un Iftar collectif.<\/p>\n<\/div>\n<div readability=\"103\">\n<p>Cette action humanitaire, initi\u00e9e par le Conseil provincial de Figuig en partenariat\u00a0avec l\u2019administration de la prison locale de Bouarfa, a cr\u00e9\u00e9 une ambiance familiale et conviviale dans l\u2019enceinte de cet \u00e9tablissement, et ce dans le cadre des efforts d\u2019humanisation du milieu carc\u00e9ral et de r\u00e9insertion sociale des d\u00e9tenus et du respect des droits et de la dignit\u00e9 des pensionnaires incarc\u00e9r\u00e9s.<\/p>\n<p>Ainsi, des examens m\u00e9dicaux notamment en m\u00e9decine g\u00e9n\u00e9rale, bucco-dentaire, ophtalmologie, diab\u00e8te et psychiatrie ont \u00e9t\u00e9 prodigu\u00e9s aux pensionnaires par une \u00e9quipe de m\u00e9decins sp\u00e9cialistes et d\u2019infirmiers, mobilis\u00e9e par la D\u00e9l\u00e9gation\u00a0provinciale de la sant\u00e9.<\/p>\n<p>Outre une visite effectu\u00e9e par le gouverneur de la province de Figuig, Mohamed Derhem, dans le Centre de la Formation professionnelle, cette journ\u00e9e a \u00e9t\u00e9 marqu\u00e9e par l\u2019organisation d\u2019une exposition de produits fabriqu\u00e9s par les d\u00e9tenus, en sus d\u2019activit\u00e9s sportives et culturelles ainsi que la distribution de prix aux d\u00e9tenus ayant excell\u00e9 dans diff\u00e9rentes formations et qui contribuent \u00e0 la r\u00e9ussite de leur insertion.<\/p>\n<p>Cette journ\u00e9e a \u00e9t\u00e9 rehauss\u00e9e par la remise des clefs d\u2019une ambulance m\u00e9dicalis\u00e9e, acquise par le Conseil provincial, au profit de l\u2019administration de la prison locale afin de renforcer l\u2019offre de soins destin\u00e9e \u00e0 cette frange de la soci\u00e9t\u00e9.<\/p>\n<p>Cette\u00a0initiative s\u2019inscrit \u00a0dans le cadre de la politique d\u2019humanisation du milieu carc\u00e9ral adopt\u00e9e par la D\u00e9l\u00e9gation g\u00e9n\u00e9rale de l\u2019administration p\u00e9nitentiaire et de la r\u00e9insertion (DGAPR) et des actions visant \u00e0 motiver les pensionnaires afin de s\u2019impliquer dans les programmes d\u2019insertion et de qualification, a expliqu\u00e9 \u00e0 la MAP, le directeur de la prison locale de Bouarfa, Abderrahim Amlouk.<\/p>\n<p>Il a \u00e9galement mis en avant les partenariats paraph\u00e9s avec plusieurs instances nationales et internationales ainsi que l\u2019ouverture sur la soci\u00e9t\u00e9 civile en vue d\u2019une meilleure r\u00e9insertion sociale et professionnelle des d\u00e9tenus dans la soci\u00e9t\u00e9.<\/p>\n<p>Les activit\u00e9s socio-sportives et culturelles, a-t-il encore ajout\u00e9, sont de nature \u00e0 d\u00e9velopper les comp\u00e9tences et l\u2019esprit de cr\u00e9ativit\u00e9 chez les d\u00e9tenus et \u00e0 redresser leurs comportements, le but \u00e9tant de faciliter leur insertion dans le tissu social apr\u00e8s leur lib\u00e9ration.<\/p>\n<p>Pour sa part, le pr\u00e9sident du Conseil provincial de Figuig, Hamid Chaya, a consid\u00e9r\u00e9 que \u00a0\u00bb le repas de rupture du je\u00fbne, organis\u00e9 aujourd\u2019hui, se veut une occasion pour partager des moments ramadanesques entre\u00a0les responsables et acteurs locaux et les pensionnaires de la prison locale\u00a0\u00bb.<\/p>\n<p>Cette initiative humanitaire a \u00e9t\u00e9 aussi l\u2019occasion de signer une convention de partenariat avec l\u2019administration de la prison locale visant \u00e0 contribuer \u00e0 l\u2019organisation de davantage d\u2019activit\u00e9s socio-culturelles et sportives au profit de la population carc\u00e9rale, a-t-il dit.<\/p>\n<p>Selon des pensionnaires du Centre, cette initiative constitue \u00ab\u00a0un geste louable\u00a0\u00bb qui\u00a0permet de vivre des moments empreints de solidarit\u00e9 et d\u2019ambiance festive, soulignant l\u2019importance des diff\u00e9rentes formations professionnelles dispens\u00e9es qui leur faciliteront l\u2019acc\u00e8s au monde d\u2019emploi apr\u00e8s leur lib\u00e9ration.<\/p>\n<\/div>\n<p>Auteur: Soufiane ELAHMAR<br \/>\n<a href=\"http:\/\/www.mapoujda.ma\/fr\/iftar-collectif-caravane-medicale-et-animation-au-profit-des-pensionnaires-de-la-prison-locale-de-bouarfa\/\">Cliquez ici pour lire l&rsquo;article depuis sa source.<\/a><\/p>\n","protected":false},"excerpt":{"rendered":"<p>Dans une atmosph\u00e8re de solidarit\u00e9 et de partage, les pensionnaires de la prison locale de Bouarfa ont b\u00e9n\u00e9fici\u00e9, mardi, d\u2019une caravane m\u00e9dicale multidisciplinaire, ainsi que de plusieurs activit\u00e9s sportives et culturelles avant d\u2019\u00eatre convi\u00e9s \u00e0 un Iftar collectif. Cette action humanitaire, initi\u00e9e par le Conseil provincial de Figuig en partenariat\u00a0avec l\u2019administration de la prison locale [&hellip;]<\/p>\n","protected":false},"author":1788,"featured_media":0,"comment_status":"closed","ping_status":"closed","sticky":false,"template":"","format":"standard","meta":{"fifu_image_url":"","fifu_image_alt":"","footnotes":""},"categories":[54,76],"tags":[],"class_list":["post-35919","post","type-post","status-publish","format-standard","hentry","category-maroc","category-regions"],"_links":{"self":[{"href":"https:\/\/linitiative.ca\/International\/wp-json\/wp\/v2\/posts\/35919","targetHints":{"allow":["GET"]}}],"collection":[{"href":"https:\/\/linitiative.ca\/International\/wp-json\/wp\/v2\/posts"}],"about":[{"href":"https:\/\/linitiative.ca\/International\/wp-json\/wp\/v2\/types\/post"}],"author":[{"embeddable":true,"href":"https:\/\/linitiative.ca\/International\/wp-json\/wp\/v2\/users\/1788"}],"replies":[{"embeddable":true,"href":"https:\/\/linitiative.ca\/International\/wp-json\/wp\/v2\/comments?post=35919"}],"version-history":[{"count":0,"href":"https:\/\/linitiative.ca\/International\/wp-json\/wp\/v2\/posts\/35919\/revisions"}],"wp:attachment":[{"href":"https:\/\/linitiative.ca\/International\/wp-json\/wp\/v2\/media?parent=35919"}],"wp:term":[{"taxonomy":"category","embeddable":true,"href":"https:\/\/linitiative.ca\/International\/wp-json\/wp\/v2\/categories?post=35919"},{"taxonomy":"post_tag","embeddable":true,"href":"https:\/\/linitiative.ca\/International\/wp-json\/wp\/v2\/tags?post=35919"}],"curies":[{"name":"wp","href":"https:\/\/api.w.org\/{rel}","templated":true}]}}