{"id":35920,"date":"2019-05-22T05:20:00","date_gmt":"2019-05-22T09:20:00","guid":{"rendered":"https:\/\/linitiative.ca\/International\/linnovation-dans-le-monde-arabe-a-lires\/"},"modified":"2019-05-22T05:20:00","modified_gmt":"2019-05-22T09:20:00","slug":"linnovation-dans-le-monde-arabe-a-lires","status":"publish","type":"post","link":"https:\/\/linitiative.ca\/International\/linnovation-dans-le-monde-arabe-a-lires\/","title":{"rendered":"L\u2019innovation dans le monde arabe \u00e0 l\u2019IRES"},"content":{"rendered":"<div class=\"body\">\n<div class=\"field field-name-body field-type-text-with-summary field-label-hidden\">\n<div class=\"field-items\" readability=\"8.5\">\n<div class=\"field-item even\" property=\"content:encoded\" readability=\"12\">\n<p class=\"rtejustify\">L\u2019Institut royal des \u00e9tudes strat\u00e9giques (IRES) abritera, demain mercredi, la pr\u00e9sentation d\u2019un rapport sur la recherche scientifique et l\u2019innovation dans les pays arabes, r\u00e9alis\u00e9 par l\u2019\u00e9conomiste Ahmed Azirar.<\/p>\n<p class=\"rtejustify\"><em>M.A.M. <\/em><\/p>\n<\/div>\n<\/div>\n<\/div>\n<\/div>\n<div class=\"eco-conseil\">\n<div class=\"view view-eco-conseil-16 view-id-eco_conseil_16 view-display-id-cookies view-dom-id-fdb6908deeb0305edc42271eb542e7ba\">\n<div class=\"view-content\">\n<div id=\"views-bootstrap-grid-1\" class=\"views-bootstrap-grid-plugin-style\">\n<div class=\"row\">\n<div class=\" col-xs-12 col-lg-4\">\n<div class=\"row\">\n<div class=\"col col-xs-12 col-lg-12\">\n<div class=\"field-content\"><a href=\"\/article\/1045403-l-ia-cherche-porteurs-de-projets\"><img loading=\"lazy\" decoding=\"async\" class=\"img-responsive\" typeof=\"foaf:Image\" src=\"https:\/\/www.leconomiste.com\/sites\/default\/files\/eco7\/public\/styles\/800x400\/public\/default_images\/default_une.jpg?itok=4jZlgnIZ\" width=\"660\" height=\"330\" alt=\"\"\/><\/a><\/div>\n<\/div>\n<div class=\" title_suite_2 col col-xs-12 col-lg-12\"> <a href=\"\/article\/1045403-l-ia-cherche-porteurs-de-projets\"\/><span class=\"field-content\">L\u2019IA cherche porteurs de projets<\/span><\/div>\n<\/div>\n<\/div>\n<div class=\" col-xs-12 col-lg-4\">\n<div class=\"row\">\n<div class=\"col col-xs-12 col-lg-12\">\n<div class=\"field-content\"><a href=\"\/article\/1045402-textile-technique-l-amdie-prospecte-frankfurt\"><img loading=\"lazy\" decoding=\"async\" class=\"img-responsive\" typeof=\"foaf:Image\" src=\"https:\/\/www.leconomiste.com\/sites\/default\/files\/eco7\/public\/styles\/800x400\/public\/default_images\/default_une.jpg?itok=4jZlgnIZ\" width=\"660\" height=\"330\" alt=\"\"\/><\/a><\/div>\n<\/div>\n<div class=\" title_suite_2 col col-xs-12 col-lg-12\"> <a href=\"\/article\/1045402-textile-technique-l-amdie-prospecte-frankfurt\"\/><span class=\"field-content\">Textile technique: L\u2019Amdie prospecte \u00e0 Frankfurt<\/span><\/div>\n<\/div>\n<\/div>\n<div class=\" col-xs-12 col-lg-4\">\n<div class=\"row\">\n<div class=\"col col-xs-12 col-lg-12\">\n<div class=\"field-content\"><a href=\"\/article\/1045401-forum-economique-maroc-jordanie-amman\"><img loading=\"lazy\" decoding=\"async\" class=\"img-responsive\" typeof=\"foaf:Image\" src=\"https:\/\/www.leconomiste.com\/sites\/default\/files\/eco7\/public\/styles\/800x400\/public\/default_images\/default_une.jpg?itok=4jZlgnIZ\" width=\"660\" height=\"330\" alt=\"\"\/><\/a><\/div>\n<\/div>\n<div class=\" title_suite_2 col col-xs-12 col-lg-12\"> <a href=\"\/article\/1045401-forum-economique-maroc-jordanie-amman\"\/><span class=\"field-content\">Forum \u00e9conomique Maroc-Jordanie \u00e0 Amman<\/span><\/div>\n<\/div>\n<\/div>\n<\/div>\n<\/div>\n<\/div>\n<\/div>\n<\/div>\n<p>Auteur: hlafriqi<br \/>\n<a href=\"https:\/\/www.leconomiste.com\/article\/1045395-l-innovation-dans-le-monde-arabe-l-ires\">Cliquez ici pour lire l&rsquo;article depuis sa source.<\/a><\/p>\n","protected":false},"excerpt":{"rendered":"<p>L\u2019Institut royal des \u00e9tudes strat\u00e9giques (IRES) abritera, demain mercredi, la pr\u00e9sentation d\u2019un rapport sur la recherche scientifique et l\u2019innovation dans les pays arabes, r\u00e9alis\u00e9 par l\u2019\u00e9conomiste Ahmed Azirar. M.A.M. L\u2019IA cherche porteurs de projets Textile technique: L\u2019Amdie prospecte \u00e0 Frankfurt Forum \u00e9conomique Maroc-Jordanie \u00e0 Amman Auteur: hlafriqi Cliquez ici pour lire l&rsquo;article depuis sa source.<\/p>\n","protected":false},"author":1763,"featured_media":0,"comment_status":"closed","ping_status":"closed","sticky":false,"template":"","format":"standard","meta":{"fifu_image_url":"","fifu_image_alt":"","footnotes":""},"categories":[78,54],"tags":[],"class_list":["post-35920","post","type-post","status-publish","format-standard","hentry","category-economie","category-maroc"],"_links":{"self":[{"href":"https:\/\/linitiative.ca\/International\/wp-json\/wp\/v2\/posts\/35920","targetHints":{"allow":["GET"]}}],"collection":[{"href":"https:\/\/linitiative.ca\/International\/wp-json\/wp\/v2\/posts"}],"about":[{"href":"https:\/\/linitiative.ca\/International\/wp-json\/wp\/v2\/types\/post"}],"author":[{"embeddable":true,"href":"https:\/\/linitiative.ca\/International\/wp-json\/wp\/v2\/users\/1763"}],"replies":[{"embeddable":true,"href":"https:\/\/linitiative.ca\/International\/wp-json\/wp\/v2\/comments?post=35920"}],"version-history":[{"count":0,"href":"https:\/\/linitiative.ca\/International\/wp-json\/wp\/v2\/posts\/35920\/revisions"}],"wp:attachment":[{"href":"https:\/\/linitiative.ca\/International\/wp-json\/wp\/v2\/media?parent=35920"}],"wp:term":[{"taxonomy":"category","embeddable":true,"href":"https:\/\/linitiative.ca\/International\/wp-json\/wp\/v2\/categories?post=35920"},{"taxonomy":"post_tag","embeddable":true,"href":"https:\/\/linitiative.ca\/International\/wp-json\/wp\/v2\/tags?post=35920"}],"curies":[{"name":"wp","href":"https:\/\/api.w.org\/{rel}","templated":true}]}}