{"id":35921,"date":"2019-05-22T05:20:00","date_gmt":"2019-05-22T09:20:00","guid":{"rendered":"https:\/\/linitiative.ca\/International\/el-othmani-chez-les-conseillers\/"},"modified":"2019-05-22T05:20:00","modified_gmt":"2019-05-22T09:20:00","slug":"el-othmani-chez-les-conseillers","status":"publish","type":"post","link":"https:\/\/linitiative.ca\/International\/el-othmani-chez-les-conseillers\/","title":{"rendered":"El Othmani chez les conseillers"},"content":{"rendered":"<p class=\"rtejustify\">Moins d\u2019une semaine apr\u00e8s la pr\u00e9sentation du bilan du gouvernement \u00e0 mi-mandat, Sa\u00e2deddine El Othmani est attendu, aujourd\u2019hui mardi, \u00e0 la Chambre des conseillers, pour la s\u00e9ance mensuelle des questions de politiques publiques. Le chef du gouvernement sera interpell\u00e9 sur les dossiers de l\u2019enseignement et de la formation professionnelle, en plus de la gestion des recrutements dans la fonction publique.<\/p>\n<p class=\"rtejustify\"><em>M.A.M.<\/em><\/p>\n<p>Auteur: hlafriqi<br \/>\n<a href=\"https:\/\/www.leconomiste.com\/article\/1045394-el-othmani-chez-les-conseillers\">Cliquez ici pour lire l&rsquo;article depuis sa source.<\/a><\/p>\n","protected":false},"excerpt":{"rendered":"<p>Moins d\u2019une semaine apr\u00e8s la pr\u00e9sentation du bilan du gouvernement \u00e0 mi-mandat, Sa\u00e2deddine El Othmani est attendu, aujourd\u2019hui mardi, \u00e0 la Chambre des conseillers, pour la s\u00e9ance mensuelle des questions de politiques publiques. Le chef du gouvernement sera interpell\u00e9 sur les dossiers de l\u2019enseignement et de la formation professionnelle, en plus de la gestion des [&hellip;]<\/p>\n","protected":false},"author":1763,"featured_media":0,"comment_status":"closed","ping_status":"closed","sticky":false,"template":"","format":"standard","meta":{"fifu_image_url":"","fifu_image_alt":"","footnotes":""},"categories":[78,54],"tags":[],"class_list":["post-35921","post","type-post","status-publish","format-standard","hentry","category-economie","category-maroc"],"_links":{"self":[{"href":"https:\/\/linitiative.ca\/International\/wp-json\/wp\/v2\/posts\/35921","targetHints":{"allow":["GET"]}}],"collection":[{"href":"https:\/\/linitiative.ca\/International\/wp-json\/wp\/v2\/posts"}],"about":[{"href":"https:\/\/linitiative.ca\/International\/wp-json\/wp\/v2\/types\/post"}],"author":[{"embeddable":true,"href":"https:\/\/linitiative.ca\/International\/wp-json\/wp\/v2\/users\/1763"}],"replies":[{"embeddable":true,"href":"https:\/\/linitiative.ca\/International\/wp-json\/wp\/v2\/comments?post=35921"}],"version-history":[{"count":0,"href":"https:\/\/linitiative.ca\/International\/wp-json\/wp\/v2\/posts\/35921\/revisions"}],"wp:attachment":[{"href":"https:\/\/linitiative.ca\/International\/wp-json\/wp\/v2\/media?parent=35921"}],"wp:term":[{"taxonomy":"category","embeddable":true,"href":"https:\/\/linitiative.ca\/International\/wp-json\/wp\/v2\/categories?post=35921"},{"taxonomy":"post_tag","embeddable":true,"href":"https:\/\/linitiative.ca\/International\/wp-json\/wp\/v2\/tags?post=35921"}],"curies":[{"name":"wp","href":"https:\/\/api.w.org\/{rel}","templated":true}]}}