{"id":35922,"date":"2019-05-22T05:20:00","date_gmt":"2019-05-22T09:20:00","guid":{"rendered":"https:\/\/linitiative.ca\/International\/la-reforme-du-code-de-la-route-au-conseil-de-gouvernement\/"},"modified":"2019-05-22T05:20:00","modified_gmt":"2019-05-22T09:20:00","slug":"la-reforme-du-code-de-la-route-au-conseil-de-gouvernement","status":"publish","type":"post","link":"https:\/\/linitiative.ca\/International\/la-reforme-du-code-de-la-route-au-conseil-de-gouvernement\/","title":{"rendered":"La r\u00e9forme du code de la route au Conseil de gouvernement"},"content":{"rendered":"<p class=\"rtejustify\">La r\u00e9union du Conseil de gouvernement, pr\u00e9vue ce jeudi, sera marqu\u00e9e par la pr\u00e9sentation de deux projets de d\u00e9crets, amendant certaines dispositions du code de la route, notamment celles relatives aux sanctions. Cette r\u00e9union conna\u00eetra \u00e9galement l\u2019examen d\u2019un projet de d\u00e9cret relatif aux droits de douane sur l\u2019importation du bl\u00e9 tendre.<\/p>\n<p class=\"rtejustify\"><em>M.A.M.<\/em><\/p>\n<p>Auteur: hlafriqi<br \/>\n<a href=\"https:\/\/www.leconomiste.com\/article\/1045393-la-reforme-du-code-de-la-route-au-conseil-de-gouvernement\">Cliquez ici pour lire l&rsquo;article depuis sa source.<\/a><\/p>\n","protected":false},"excerpt":{"rendered":"<p>La r\u00e9union du Conseil de gouvernement, pr\u00e9vue ce jeudi, sera marqu\u00e9e par la pr\u00e9sentation de deux projets de d\u00e9crets, amendant certaines dispositions du code de la route, notamment celles relatives aux sanctions. Cette r\u00e9union conna\u00eetra \u00e9galement l\u2019examen d\u2019un projet de d\u00e9cret relatif aux droits de douane sur l\u2019importation du bl\u00e9 tendre. M.A.M. Auteur: hlafriqi Cliquez [&hellip;]<\/p>\n","protected":false},"author":1763,"featured_media":0,"comment_status":"closed","ping_status":"closed","sticky":false,"template":"","format":"standard","meta":{"fifu_image_url":"","fifu_image_alt":"","footnotes":""},"categories":[78,54],"tags":[],"class_list":["post-35922","post","type-post","status-publish","format-standard","hentry","category-economie","category-maroc"],"_links":{"self":[{"href":"https:\/\/linitiative.ca\/International\/wp-json\/wp\/v2\/posts\/35922","targetHints":{"allow":["GET"]}}],"collection":[{"href":"https:\/\/linitiative.ca\/International\/wp-json\/wp\/v2\/posts"}],"about":[{"href":"https:\/\/linitiative.ca\/International\/wp-json\/wp\/v2\/types\/post"}],"author":[{"embeddable":true,"href":"https:\/\/linitiative.ca\/International\/wp-json\/wp\/v2\/users\/1763"}],"replies":[{"embeddable":true,"href":"https:\/\/linitiative.ca\/International\/wp-json\/wp\/v2\/comments?post=35922"}],"version-history":[{"count":0,"href":"https:\/\/linitiative.ca\/International\/wp-json\/wp\/v2\/posts\/35922\/revisions"}],"wp:attachment":[{"href":"https:\/\/linitiative.ca\/International\/wp-json\/wp\/v2\/media?parent=35922"}],"wp:term":[{"taxonomy":"category","embeddable":true,"href":"https:\/\/linitiative.ca\/International\/wp-json\/wp\/v2\/categories?post=35922"},{"taxonomy":"post_tag","embeddable":true,"href":"https:\/\/linitiative.ca\/International\/wp-json\/wp\/v2\/tags?post=35922"}],"curies":[{"name":"wp","href":"https:\/\/api.w.org\/{rel}","templated":true}]}}