{"id":35923,"date":"2019-05-22T05:20:00","date_gmt":"2019-05-22T09:20:00","guid":{"rendered":"https:\/\/linitiative.ca\/International\/automobile-la-norme-euro-6-pour-2022-au-maroc\/"},"modified":"2019-05-22T05:20:00","modified_gmt":"2019-05-22T09:20:00","slug":"automobile-la-norme-euro-6-pour-2022-au-maroc","status":"publish","type":"post","link":"https:\/\/linitiative.ca\/International\/automobile-la-norme-euro-6-pour-2022-au-maroc\/","title":{"rendered":"Automobile: La norme Euro 6 pour 2022 au Maroc!"},"content":{"rendered":"<p class=\"rtejustify\">La norme Euro 6 devra entrer en vigueur en 2022. Les pr\u00e9paratifs vont bon train pour lancer des r\u00e9flexions autour des m\u00e9canismes de mise en oeuvre des dispositions de la transition vers cette norme assez exigeante. Pour rappel, Euro 6 est une norme en vigueur depuis 2015 en Europe. Elle a pour objectif de limiter les \u00e9missions de certains gaz polluants provenant des \u00e9missions de v\u00e9hicules. La norme oblige les constructeurs \u00e0\u00a0 produire des voitures plus propres, avec le respect des taux d\u2019\u00e9missions de particules et d\u2019oxydes d\u2019azote. Ainsi, \u00e0 partir de 2022, tous les v\u00e9hicules particuliers neufs mis sur le march\u00e9 marocain devront \u00eatre conformes \u00e0 la norme Euro 6. En clair, les constructeurs seront appel\u00e9s \u00e0 engager des investissements lourds dans leur process de production.<\/p>\n<p class=\"rtejustify\"><em>A.R.<\/em><\/p>\n<p class=\"rtejustify\">\u00a0<\/p>\n<p>Auteur: hlafriqi<br \/>\n<a href=\"https:\/\/www.leconomiste.com\/article\/1045392-automobile-la-norme-euro-6-pour-2022-au-maroc\">Cliquez ici pour lire l&rsquo;article depuis sa source.<\/a><\/p>\n","protected":false},"excerpt":{"rendered":"<p>La norme Euro 6 devra entrer en vigueur en 2022. Les pr\u00e9paratifs vont bon train pour lancer des r\u00e9flexions autour des m\u00e9canismes de mise en oeuvre des dispositions de la transition vers cette norme assez exigeante. Pour rappel, Euro 6 est une norme en vigueur depuis 2015 en Europe. Elle a pour objectif de limiter [&hellip;]<\/p>\n","protected":false},"author":1763,"featured_media":0,"comment_status":"closed","ping_status":"closed","sticky":false,"template":"","format":"standard","meta":{"fifu_image_url":"","fifu_image_alt":"","footnotes":""},"categories":[78,54],"tags":[],"class_list":["post-35923","post","type-post","status-publish","format-standard","hentry","category-economie","category-maroc"],"_links":{"self":[{"href":"https:\/\/linitiative.ca\/International\/wp-json\/wp\/v2\/posts\/35923","targetHints":{"allow":["GET"]}}],"collection":[{"href":"https:\/\/linitiative.ca\/International\/wp-json\/wp\/v2\/posts"}],"about":[{"href":"https:\/\/linitiative.ca\/International\/wp-json\/wp\/v2\/types\/post"}],"author":[{"embeddable":true,"href":"https:\/\/linitiative.ca\/International\/wp-json\/wp\/v2\/users\/1763"}],"replies":[{"embeddable":true,"href":"https:\/\/linitiative.ca\/International\/wp-json\/wp\/v2\/comments?post=35923"}],"version-history":[{"count":0,"href":"https:\/\/linitiative.ca\/International\/wp-json\/wp\/v2\/posts\/35923\/revisions"}],"wp:attachment":[{"href":"https:\/\/linitiative.ca\/International\/wp-json\/wp\/v2\/media?parent=35923"}],"wp:term":[{"taxonomy":"category","embeddable":true,"href":"https:\/\/linitiative.ca\/International\/wp-json\/wp\/v2\/categories?post=35923"},{"taxonomy":"post_tag","embeddable":true,"href":"https:\/\/linitiative.ca\/International\/wp-json\/wp\/v2\/tags?post=35923"}],"curies":[{"name":"wp","href":"https:\/\/api.w.org\/{rel}","templated":true}]}}