{"id":35927,"date":"2019-05-22T06:00:00","date_gmt":"2019-05-22T10:00:00","guid":{"rendered":"https:\/\/linitiative.ca\/International\/oujda-neglige-son-poumon-ecologique\/"},"modified":"2019-05-22T06:00:00","modified_gmt":"2019-05-22T10:00:00","slug":"oujda-neglige-son-poumon-ecologique","status":"publish","type":"post","link":"https:\/\/linitiative.ca\/International\/oujda-neglige-son-poumon-ecologique\/","title":{"rendered":"Oujda n\u00e9glige son \u00abpoumon \u00e9cologique\u00bb"},"content":{"rendered":"<div readability=\"36\">\n<p>Le parc r\u00e9cr\u00e9atif de la ville compl\u00e8tement d\u00e9laiss\u00e9<\/p>\n<p>Les plantes fan\u00e9es par manque d\u2019eau et d\u2019entretien<\/p>\n<p>Les acteurs associatifs montent au cr\u00e9neau<\/p>\n<\/div>\n<div readability=\"113\">\n<div class=\"dnd-atom-wrapper type-image context-sdl_editor_representation\" contenteditable=\"false\" readability=\"32\">\n<div class=\"dnd-drop-wrapper image\"><img loading=\"lazy\" decoding=\"async\" typeof=\"foaf:Image\" class=\"img-responsive\" src=\"https:\/\/leconomiste.com\/sites\/default\/files\/eco7\/public\/thumbnails\/image\/oujda-jardin-020.jpg\" width=\"660\" height=\"330\" alt=\"oujda-jardin-020.jpg\" title=\"oujda-jardin-020.jpg\"\/><\/div>\n<\/div>\n<p class=\"rtejustify\">R\u00e9alis\u00e9 pour \u00eatre le poumon \u00e9cologique de la ville, le parc r\u00e9cr\u00e9atif d\u2019Oujda est compl\u00e8tement d\u00e9laiss\u00e9. Ses fleurs se fanent, ses plantes ne fleurissent plus et ses arbres sont endommag\u00e9s et laiss\u00e9s \u00e0 l\u2019abandon.<\/p>\n<p class=\"rtejustify\">Les espaces consacr\u00e9s \u00e0 la d\u00e9tente se d\u00e9gradent en mode acc\u00e9l\u00e9r\u00e9. M\u00eame les parcours qui servent de circuits pour les promenades et le jogging sont alt\u00e9r\u00e9s. Un constat alarmant qui interpelle tous les d\u00e9cideurs de la ville, et met sur le devant de la sc\u00e8ne la probl\u00e9matique de l\u2019entretien et du suivi des espaces verts et des places publiques. L\u2019incivisme des citoyens est \u00e9galement \u00e0 mettre en cause. Des campagnes de sensibilisation permanentes sont n\u00e9cessaires.<\/p>\n<p class=\"rtejustify\">Devant l\u2019ampleur des d\u00e9g\u00e2ts, plusieurs acteurs associatifs, \u00e9cologistes ou avocats, montent au cr\u00e9neau. \u00abLe plus grand parc d\u2019Oujda n\u2019est plus aussi beau, propre et verdoyant qu\u2019auparavant. L\u2019arrosage est insuffisant, le gazon est compl\u00e8tement br\u00fbl\u00e9 et les caf\u00e9s ne sont pas op\u00e9rationnels. Dommage pour les habitants de la ville\u00bb, souligne Salima Faraji, pr\u00e9sidente de l\u2019association Espace Jeunes, \u00e9galement avocate.\u00a0<\/p>\n<p class=\"rtejustify\">De son c\u00f4t\u00e9, Abdelmajid Ziyach, acteur associatif, explique qu\u2019il est temps de red\u00e9finir le concept de la pr\u00e9servation de la nature et des espaces verts aupr\u00e8s des \u00e9lus. \u00abIl est \u00e9galement indispensable que les associations portent le flambeau, et interpellent les responsables de cette d\u00e9gradation de la nature et des espaces verts\u00bb, propose, pour sa part, Mohammed Benatta, militant \u00e9cologiste.<\/p>\n<p class=\"rtejustify\">Pis encore, \u00abla r\u00e9alisation des espaces verts \u00e0 Oujda n\u2019ob\u00e9it pas \u00e0 une vision globale d\u2019embellissement. Elle est accomplie pour des raisons de sp\u00e9culation sur les terrains avoisinants\u00bb, explique un entrepreneur immobilier.<\/p>\n<div class=\"dnd-atom-wrapper type-image context-sdl_editor_representation\" contenteditable=\"false\" readability=\"32.5\">\n<div class=\"dnd-drop-wrapper image\"><img loading=\"lazy\" decoding=\"async\" typeof=\"foaf:Image\" class=\"img-responsive\" src=\"https:\/\/www.leconomiste.com\/sites\/default\/files\/eco7\/public\/thumbnails\/image\/jardin-public-jeux-020.jpg\" width=\"660\" height=\"330\" alt=\"jardin-public-jeux-020.jpg\" title=\"jardin-public-jeux-020.jpg\"\/><\/div>\n<div class=\"dnd-legend-wrapper\" contenteditable=\"true\" readability=\"10\">\n<p class=\"rtejustify\">Les \u00e9quipements sportifs et de jeu, d\u00e9j\u00e0 livr\u00e9s, convertissent les parcs r\u00e9cr\u00e9atifs en espaces de loisirs et de divertissement. Un point positif pour le projet <em>(Ph. AK)<\/em><\/p>\n<\/div>\n<\/div>\n<p class=\"rtejustify\">\u00c9tal\u00e9 sur 25 hectares, le parc \u00e9cologique regroupe quelque 25.000 esp\u00e8ces d\u2019arbres adaptables au climat urbain. Sa r\u00e9alisation a n\u00e9cessit\u00e9 plus de 65 millions de DH. Il comprend, aussi, 3 hectares de gazon, 3 fontaines, un syst\u00e8me sp\u00e9cifique d\u2019\u00e9clairage, 8 kilom\u00e8tres de pistes pour la marche, un parking de 11.200 m\u00b2, des ouvrages d\u2019irrigation (bassins, canalisations\u2026) constitu\u00e9s d\u2019un syst\u00e8me d\u2019irrigation de goutte \u00e0 goutte, une conduite des eaux us\u00e9es trait\u00e9es sur 4,9 km, une station de pompage des eaux, un bassin de stockage et une unit\u00e9 de filtration et de st\u00e9rilisation des eaux.<\/p>\n<p class=\"rtejustify\">L\u2019id\u00e9e est que cette r\u00e9alisation apporte aux habitants de la ville un v\u00e9ritable havre de d\u00e9tente. Elle devait \u00eatre la r\u00e9f\u00e9rence \u00e9cologique de la vision Oujda 2020, en dotant la ville d\u2019une ceinture verte pour adoucir le climat et att\u00e9nuer les effets n\u00e9gatifs de la pollution.<\/p>\n<p class=\"rtejustify\">La dimension esth\u00e9tique n\u2019est pas omise: tra\u00e7age des refuges, des types d\u2019arbres, syst\u00e8me d\u2019arrosage&#8230; De m\u00eame, les banquettes et bancs de repos r\u00e9pondent aux exigences du d\u00e9veloppement durable. Tous ces efforts risquent de s\u2019\u00e9vaporer si aucune intervention n\u2019est programm\u00e9e.<\/p>\n<blockquote readability=\"15\">\n<p class=\"rtecenter\"><strong><span class=\"c3\">Quelques avanc\u00e9es<\/span><\/strong><\/p>\n<p class=\"rtejustify\">Si le couvert v\u00e9g\u00e9tal se d\u00e9grade par manque d\u2019arrosage, alors que la steppe de d\u00e9pollution des eaux us\u00e9es est \u00e0 quelques m\u00e8tres, d\u2019autres travaux d\u2019embellissement sont en cours. C\u2019est le cas pour le renforcement des lampadaires et du mat\u00e9riel de pompage \u00e0 base d\u2019\u00e9nergie solaire. L\u2019op\u00e9ration est en phase finale de r\u00e9alisation pour assurer des jeux d\u2019eau flottants et d\u2019\u00e9clairage nocturne. Elle permettra de prolonger l\u2019ouverture du parc \u00e0 une heure tardive lors des nuits estivales. De m\u00eame, des \u00e9quipements pour la pratique du fitness, ainsi qu\u2019une aire de jeu pour enfants, sont achev\u00e9s et livr\u00e9s. Un mat\u00e9riel qui a n\u00e9cessit\u00e9 1,3 million de DH dans le cadre d\u2019une convention regroupant les conseils \u00e9lus (Conseil provincial et conseil communal) et la Wilaya de l\u2019Oriental. En parall\u00e8le, un caf\u00e9 et un restaurant attendent des autorisations pour \u00eatre exploit\u00e9s. Ceci dit ce parc a besoin d\u2019un bon gestionnaire et d\u2019une \u00e9quipe de gardiens sp\u00e9cialis\u00e9s veillant sur les d\u00e9tails qui font la renomm\u00e9e des espaces attractifs.<\/p>\n<\/blockquote>\n<p class=\"rtejustify\"><em>De notre correspondant permanent, Ali KHARROUBI<\/em><\/p>\n<p class=\"rtejustify\">\u00a0<\/p>\n<\/div>\n<p>Auteur: hlafriqi<br \/>\n<a href=\"https:\/\/www.leconomiste.com\/article\/1045388-oujda-neglige-son-poumon-ecologique\">Cliquez ici pour lire l&rsquo;article depuis sa source.<\/a><\/p>\n","protected":false},"excerpt":{"rendered":"<p>Le parc r\u00e9cr\u00e9atif de la ville compl\u00e8tement d\u00e9laiss\u00e9 Les plantes fan\u00e9es par manque d\u2019eau et d\u2019entretien Les acteurs associatifs montent au cr\u00e9neau R\u00e9alis\u00e9 pour \u00eatre le poumon \u00e9cologique de la ville, le parc r\u00e9cr\u00e9atif d\u2019Oujda est compl\u00e8tement d\u00e9laiss\u00e9. Ses fleurs se fanent, ses plantes ne fleurissent plus et ses arbres sont endommag\u00e9s et laiss\u00e9s \u00e0 [&hellip;]<\/p>\n","protected":false},"author":1763,"featured_media":35928,"comment_status":"closed","ping_status":"closed","sticky":false,"template":"","format":"standard","meta":{"fifu_image_url":"","fifu_image_alt":"","footnotes":""},"categories":[78,54],"tags":[],"class_list":["post-35927","post","type-post","status-publish","format-standard","has-post-thumbnail","hentry","category-economie","category-maroc"],"_links":{"self":[{"href":"https:\/\/linitiative.ca\/International\/wp-json\/wp\/v2\/posts\/35927","targetHints":{"allow":["GET"]}}],"collection":[{"href":"https:\/\/linitiative.ca\/International\/wp-json\/wp\/v2\/posts"}],"about":[{"href":"https:\/\/linitiative.ca\/International\/wp-json\/wp\/v2\/types\/post"}],"author":[{"embeddable":true,"href":"https:\/\/linitiative.ca\/International\/wp-json\/wp\/v2\/users\/1763"}],"replies":[{"embeddable":true,"href":"https:\/\/linitiative.ca\/International\/wp-json\/wp\/v2\/comments?post=35927"}],"version-history":[{"count":0,"href":"https:\/\/linitiative.ca\/International\/wp-json\/wp\/v2\/posts\/35927\/revisions"}],"wp:featuredmedia":[{"embeddable":true,"href":"https:\/\/linitiative.ca\/International\/wp-json\/"}],"wp:attachment":[{"href":"https:\/\/linitiative.ca\/International\/wp-json\/wp\/v2\/media?parent=35927"}],"wp:term":[{"taxonomy":"category","embeddable":true,"href":"https:\/\/linitiative.ca\/International\/wp-json\/wp\/v2\/categories?post=35927"},{"taxonomy":"post_tag","embeddable":true,"href":"https:\/\/linitiative.ca\/International\/wp-json\/wp\/v2\/tags?post=35927"}],"curies":[{"name":"wp","href":"https:\/\/api.w.org\/{rel}","templated":true}]}}