{"id":35946,"date":"2019-05-22T15:14:58","date_gmt":"2019-05-22T19:14:58","guid":{"rendered":"https:\/\/linitiative.ca\/International\/pros-rc-lens-tahrat-je-pense-que-cest-merite\/"},"modified":"2019-05-22T15:14:58","modified_gmt":"2019-05-22T19:14:58","slug":"pros-rc-lens-tahrat-je-pense-que-cest-merite","status":"publish","type":"post","link":"https:\/\/linitiative.ca\/International\/pros-rc-lens-tahrat-je-pense-que-cest-merite\/","title":{"rendered":"Pros : RC Lens &#8211; Tahrat : \u00abJe pense que c\u2019est m\u00e9rit\u00e9\u00bb"},"content":{"rendered":"<div readability=\"32\">\n<p>Auteur : <span>Riad O.<\/span> <span class=\"time\">mercredi 22 mai 2019 18:27<\/span><\/p>\n<\/div>\n<div id=\"post_core\" readability=\"39\">\n<p>A l\u2019issue de la rencontre, Mehdi Tahrat s\u2019est dit content de la victoire de son team face au Paris FC. Il a aussi \u00e9voqu\u00e9 le prochain match des Lensois face \u00e0 Troyes, pr\u00e9vu ce vendredi\u00a0:\u00a0\u00abOn va essayer de bien r\u00e9cup\u00e9rer et se pr\u00e9parer pour vendredi. L\u2019encha\u00eenement des matchs va \u00eatre difficile mais le mental va prendre le relais. On est content d\u2019avoir gagn\u00e9 ce premier match. Je pense que c\u2019est m\u00e9rit\u00e9. Il y a une petite situation litigieuse quand le PFC nous rejoint. C\u2019est le football et je suis content que l\u2019on ait pu rendre justice. On s\u2019est dit qu\u2019il fallait se reconcentrer apr\u00e8s l\u2019\u00e9galisation. \u00bb<\/p>\n<p><strong>Publi\u00e9 dans :<\/strong> <span>RC Lens<\/span> <span>Tahrat<\/span><\/p>\n<\/div>\n<p>Auteur:<br \/>\n<a href=\"http:\/\/www.lebuteur.com\/article\/detail?titre=rc-lens-tahrat-je-pense-que-cest-merite&#038;id=89024&#038;utm_source=feedburner&#038;utm_medium=feed&#038;utm_campaign=Feed%3A+GalerieFArtciles+%28Les+derniers+articles++-+lebuteur.com%29\">Cliquez ici pour lire l&rsquo;article depuis sa source.<\/a><\/p>\n","protected":false},"excerpt":{"rendered":"<p>Auteur : Riad O. mercredi 22 mai 2019 18:27 A l\u2019issue de la rencontre, Mehdi Tahrat s\u2019est dit content de la victoire de son team face au Paris FC. Il a aussi \u00e9voqu\u00e9 le prochain match des Lensois face \u00e0 Troyes, pr\u00e9vu ce vendredi\u00a0:\u00a0\u00abOn va essayer de bien r\u00e9cup\u00e9rer et se pr\u00e9parer pour vendredi. L\u2019encha\u00eenement [&hellip;]<\/p>\n","protected":false},"author":1738,"featured_media":35947,"comment_status":"closed","ping_status":"closed","sticky":false,"template":"","format":"standard","meta":{"fifu_image_url":"","fifu_image_alt":"","footnotes":""},"categories":[53,75],"tags":[],"class_list":["post-35946","post","type-post","status-publish","format-standard","has-post-thumbnail","hentry","category-algerie","category-sport"],"_links":{"self":[{"href":"https:\/\/linitiative.ca\/International\/wp-json\/wp\/v2\/posts\/35946","targetHints":{"allow":["GET"]}}],"collection":[{"href":"https:\/\/linitiative.ca\/International\/wp-json\/wp\/v2\/posts"}],"about":[{"href":"https:\/\/linitiative.ca\/International\/wp-json\/wp\/v2\/types\/post"}],"author":[{"embeddable":true,"href":"https:\/\/linitiative.ca\/International\/wp-json\/wp\/v2\/users\/1738"}],"replies":[{"embeddable":true,"href":"https:\/\/linitiative.ca\/International\/wp-json\/wp\/v2\/comments?post=35946"}],"version-history":[{"count":0,"href":"https:\/\/linitiative.ca\/International\/wp-json\/wp\/v2\/posts\/35946\/revisions"}],"wp:featuredmedia":[{"embeddable":true,"href":"https:\/\/linitiative.ca\/International\/wp-json\/"}],"wp:attachment":[{"href":"https:\/\/linitiative.ca\/International\/wp-json\/wp\/v2\/media?parent=35946"}],"wp:term":[{"taxonomy":"category","embeddable":true,"href":"https:\/\/linitiative.ca\/International\/wp-json\/wp\/v2\/categories?post=35946"},{"taxonomy":"post_tag","embeddable":true,"href":"https:\/\/linitiative.ca\/International\/wp-json\/wp\/v2\/tags?post=35946"}],"curies":[{"name":"wp","href":"https:\/\/api.w.org\/{rel}","templated":true}]}}